{"id":23694,"date":"2025-10-28T16:00:20","date_gmt":"2025-10-28T22:00:20","guid":{"rendered":"https:\/\/gobernacionaltaverapaz.gob.gt\/?p=23694"},"modified":"2025-11-10T16:46:47","modified_gmt":"2025-11-10T22:46:47","slug":"reunion-ordinaria-de-la-unidad-tecnica-departamental-utd-de-alta-verapaz","status":"publish","type":"post","link":"https:\/\/gobernacionaltaverapaz.gob.gt\/?p=23694","title":{"rendered":"Reuni\u00f3n Ordinaria de la Unidad T\u00e9cnica Departamental \u2013 UTD de Alta Verapaz"},"content":{"rendered":"<div class=\"xdj266r x14z9mp xat24cr x1lziwak x1vvkbs x126k92a\">\n<div dir=\"auto\" style=\"text-align: justify;\">El d\u00eda 17 de octubre de 2025 se llev\u00f3 a cabo la Reuni\u00f3n Ordinaria de la Unidad T\u00e9cnica Departamental \u2013 UTD de Alta Verapaz, espacio en el que participaron las instituciones correspondientes para fortalecer los procesos t\u00e9cnicos y garantizar proyectos de calidad para el departamento.<\/div>\n<\/div>\n<div class=\"x14z9mp xat24cr x1lziwak x1vvkbs xtlvy1s x126k92a\">\n<div dir=\"auto\" style=\"text-align: justify;\">En la jornada se abordaron temas prioritarios, entre ellos: la coordinaci\u00f3n para el fortalecimiento de los estudios t\u00e9cnicos a cargo de la SCEP; la socializaci\u00f3n de la propuesta preliminar de inversi\u00f3n 2027; la revisi\u00f3n de avales, resoluciones y dict\u00e1menes requeridos para expedientes de proyectos; la participaci\u00f3n de instituciones en el an\u00e1lisis de tipolog\u00eda de agua y saneamiento; as\u00ed como los avances en la certificaci\u00f3n estrat\u00e9gica del CODEDE presentados por el INAP.<\/div>\n<div dir=\"auto\" style=\"text-align: justify;\">Este espacio permiti\u00f3 consolidar acuerdos interinstitucionales, reafirmando el objetivo de planificar y ejecutar proyectos con pertinencia territorial, orientados a mejorar la calidad de vida de la poblaci\u00f3n altaverapacense.<\/div>\n<\/div>\n<p>&nbsp;<\/p>\n<p>&nbsp;<\/p>\n<div><\/div>\n","protected":false},"excerpt":{"rendered":"<p>El d\u00eda 17 de octubre de 2025 se llev\u00f3 a cabo la Reuni\u00f3n Ordinaria de la Unidad T\u00e9cnica Departamental \u2013 UTD de Alta Verapaz, espacio en el que participaron las instituciones correspondientes para fortalecer los procesos t\u00e9cnicos y garantizar proyectos de calidad para el departamento. En la jornada se abordaron temas prioritarios, entre ellos: la [&hellip;]<\/p>\n","protected":false},"author":1,"featured_media":23687,"comment_status":"closed","ping_status":"open","sticky":false,"template":"","format":"gallery","meta":[],"categories":[183],"tags":[178],"_links":{"self":[{"href":"https:\/\/gobernacionaltaverapaz.gob.gt\/index.php?rest_route=\/wp\/v2\/posts\/23694"}],"collection":[{"href":"https:\/\/gobernacionaltaverapaz.gob.gt\/index.php?rest_route=\/wp\/v2\/posts"}],"about":[{"href":"https:\/\/gobernacionaltaverapaz.gob.gt\/index.php?rest_route=\/wp\/v2\/types\/post"}],"author":[{"embeddable":true,"href":"https:\/\/gobernacionaltaverapaz.gob.gt\/index.php?rest_route=\/wp\/v2\/users\/1"}],"replies":[{"embeddable":true,"href":"https:\/\/gobernacionaltaverapaz.gob.gt\/index.php?rest_route=%2Fwp%2Fv2%2Fcomments&post=23694"}],"version-history":[{"count":1,"href":"https:\/\/gobernacionaltaverapaz.gob.gt\/index.php?rest_route=\/wp\/v2\/posts\/23694\/revisions"}],"predecessor-version":[{"id":23695,"href":"https:\/\/gobernacionaltaverapaz.gob.gt\/index.php?rest_route=\/wp\/v2\/posts\/23694\/revisions\/23695"}],"wp:featuredmedia":[{"embeddable":true,"href":"https:\/\/gobernacionaltaverapaz.gob.gt\/index.php?rest_route=\/wp\/v2\/media\/23687"}],"wp:attachment":[{"href":"https:\/\/gobernacionaltaverapaz.gob.gt\/index.php?rest_route=%2Fwp%2Fv2%2Fmedia&parent=23694"}],"wp:term":[{"taxonomy":"category","embeddable":true,"href":"https:\/\/gobernacionaltaverapaz.gob.gt\/index.php?rest_route=%2Fwp%2Fv2%2Fcategories&post=23694"},{"taxonomy":"post_tag","embeddable":true,"href":"https:\/\/gobernacionaltaverapaz.gob.gt\/index.php?rest_route=%2Fwp%2Fv2%2Ftags&post=23694"}],"curies":[{"name":"wp","href":"https:\/\/api.w.org\/{rel}","templated":true}]}}