{"id":23701,"date":"2025-10-28T16:00:31","date_gmt":"2025-10-28T22:00:31","guid":{"rendered":"https:\/\/gobernacionaltaverapaz.gob.gt\/?p=23701"},"modified":"2025-11-10T16:51:04","modified_gmt":"2025-11-10T22:51:04","slug":"supervision-a-la-planta-industrial-ixcapec-de-la-federacion-de-cooperativas-de-las-verapaces-fedecovera-en-coban","status":"publish","type":"post","link":"https:\/\/gobernacionaltaverapaz.gob.gt\/?p=23701","title":{"rendered":"Supervisi\u00f3n a la Planta Industrial Ixcapec de la Federaci\u00f3n de Cooperativas de las Verapaces (FEDECOVERA), en Cob\u00e1n"},"content":{"rendered":"<div class=\"xdj266r x14z9mp xat24cr x1lziwak x1vvkbs x126k92a\">\n<div dir=\"auto\" style=\"text-align: justify;\">Para conocer de primera mano las necesidades y oportunidades de apoyo al sector agr\u00edcola, la ministra de Mar\u00eda Fernanda Rivera D\u00e1vila, realiz\u00f3 una visita de supervisi\u00f3n a la Planta Industrial Ixcapec de la Federaci\u00f3n de Cooperativas de las Verapaces (FEDECOVERA), en Cob\u00e1n,<\/div>\n<\/div>\n<div class=\"x14z9mp xat24cr x1lziwak x1vvkbs xtlvy1s x126k92a\" style=\"text-align: justify;\">\n<div dir=\"auto\">Esta entidad es fundamental para el desarrollo rural, agrupando a m\u00e1s de 33 mil peque\u00f1os productores de 42 cooperativas asociadas, beneficiando a m\u00e1s de 100 mil personas directamente en Alta y Baja Verapaz, Huehuetenango y la regi\u00f3n nororiente.<\/div>\n<\/div>\n<div class=\"x14z9mp xat24cr x1lziwak x1vvkbs xtlvy1s x126k92a\" style=\"text-align: justify;\">\n<div dir=\"auto\">La FEDECOVERA es reconocida por ser el principal productor y exportador a nivel mundial de cardamomo, adem\u00e1s de comercializar a los cinco continentes productos clave como pimienta gorda, caf\u00e9, cacao, c\u00farcuma y madera sostenible.<\/div>\n<\/div>\n<div class=\"x14z9mp xat24cr x1lziwak x1vvkbs xtlvy1s x126k92a\" style=\"text-align: justify;\">\n<div dir=\"auto\">Durante el encuentro, se present\u00f3 el modelo social, econ\u00f3mico sostenible e inclusivo y el Proyecto Conectando Cadenas de Valor en las Verapaces. Sumado a esto, se revisaron los avances del Convenio MAGA-FEDECOVERA #09-2025.<\/div>\n<\/div>\n<div class=\"x14z9mp xat24cr x1lziwak x1vvkbs xtlvy1s x126k92a\" style=\"text-align: justify;\">\n<div dir=\"auto\">La ministra Rivera D\u00e1vila dio a conocer acciones y proyectos espec\u00edficos con los que el MAGA puede brindar soporte estrat\u00e9gico, entre los que destacan: un Geo Portal, trazabilidad y agilizaci\u00f3n de tr\u00e1mites y la aplicaci\u00f3n del sistema Keyline.<\/div>\n<\/div>\n<div class=\"x14z9mp xat24cr x1lziwak x1vvkbs xtlvy1s x126k92a\" style=\"text-align: justify;\">\n<div dir=\"auto\">La jornada concluy\u00f3 con un recorrido por las instalaciones de la Federaci\u00f3n, as\u00ed como la visita del Vivero Agroforestal Chicoj, consolidando el entendimiento mutuo sobre la cadena de valor agr\u00edcola.<\/div>\n<\/div>\n<p>&nbsp;<\/p>\n<div><\/div>\n","protected":false},"excerpt":{"rendered":"<p>Para conocer de primera mano las necesidades y oportunidades de apoyo al sector agr\u00edcola, la ministra de Mar\u00eda Fernanda Rivera D\u00e1vila, realiz\u00f3 una visita de supervisi\u00f3n a la Planta Industrial Ixcapec de la Federaci\u00f3n de Cooperativas de las Verapaces (FEDECOVERA), en Cob\u00e1n, Esta entidad es fundamental para el desarrollo rural, agrupando a m\u00e1s de 33 [&hellip;]<\/p>\n","protected":false},"author":1,"featured_media":23696,"comment_status":"closed","ping_status":"open","sticky":false,"template":"","format":"gallery","meta":[],"categories":[6],"tags":[178],"_links":{"self":[{"href":"https:\/\/gobernacionaltaverapaz.gob.gt\/index.php?rest_route=\/wp\/v2\/posts\/23701"}],"collection":[{"href":"https:\/\/gobernacionaltaverapaz.gob.gt\/index.php?rest_route=\/wp\/v2\/posts"}],"about":[{"href":"https:\/\/gobernacionaltaverapaz.gob.gt\/index.php?rest_route=\/wp\/v2\/types\/post"}],"author":[{"embeddable":true,"href":"https:\/\/gobernacionaltaverapaz.gob.gt\/index.php?rest_route=\/wp\/v2\/users\/1"}],"replies":[{"embeddable":true,"href":"https:\/\/gobernacionaltaverapaz.gob.gt\/index.php?rest_route=%2Fwp%2Fv2%2Fcomments&post=23701"}],"version-history":[{"count":1,"href":"https:\/\/gobernacionaltaverapaz.gob.gt\/index.php?rest_route=\/wp\/v2\/posts\/23701\/revisions"}],"predecessor-version":[{"id":23702,"href":"https:\/\/gobernacionaltaverapaz.gob.gt\/index.php?rest_route=\/wp\/v2\/posts\/23701\/revisions\/23702"}],"wp:featuredmedia":[{"embeddable":true,"href":"https:\/\/gobernacionaltaverapaz.gob.gt\/index.php?rest_route=\/wp\/v2\/media\/23696"}],"wp:attachment":[{"href":"https:\/\/gobernacionaltaverapaz.gob.gt\/index.php?rest_route=%2Fwp%2Fv2%2Fmedia&parent=23701"}],"wp:term":[{"taxonomy":"category","embeddable":true,"href":"https:\/\/gobernacionaltaverapaz.gob.gt\/index.php?rest_route=%2Fwp%2Fv2%2Fcategories&post=23701"},{"taxonomy":"post_tag","embeddable":true,"href":"https:\/\/gobernacionaltaverapaz.gob.gt\/index.php?rest_route=%2Fwp%2Fv2%2Ftags&post=23701"}],"curies":[{"name":"wp","href":"https:\/\/api.w.org\/{rel}","templated":true}]}}