{"id":23703,"date":"2025-10-29T17:22:08","date_gmt":"2025-10-29T23:22:08","guid":{"rendered":"https:\/\/gobernacionaltaverapaz.gob.gt\/?p=23703"},"modified":"2025-11-10T16:57:31","modified_gmt":"2025-11-10T22:57:31","slug":"23703","status":"publish","type":"post","link":"https:\/\/gobernacionaltaverapaz.gob.gt\/?p=23703","title":{"rendered":"Programa Empl\u00e9ate Inclusivo y desarroll\u00f3 una capacitaci\u00f3n sobre derechos laborales con \u00e9nfasis en discapacidad"},"content":{"rendered":"<div class=\"xdj266r x14z9mp xat24cr x1lziwak x1vvkbs x126k92a\">\n<div dir=\"auto\" style=\"text-align: justify;\">El Gobierno de Guatemala, a trav\u00e9s del <span class=\"html-span xdj266r x14z9mp xat24cr x1lziwak xexx8yu xyri2b x18d9i69 x1c1uobl x1hl2dhg x16tdsg8 x1vvkbs\"><a class=\"x1i10hfl xjbqb8w x1ejq31n x18oe1m7 x1sy0etr xstzfhl x972fbf x10w94by x1qhh985 x14e42zd x9f619 x1ypdohk xt0psk2 x3ct3a4 xdj266r x14z9mp xat24cr x1lziwak xexx8yu xyri2b x18d9i69 x1c1uobl x16tdsg8 x1hl2dhg xggy1nq x1a2a7pz xkrqix3 x1sur9pj x1fey0fg x1s688f\" tabindex=\"0\" role=\"link\" href=\"https:\/\/www.facebook.com\/Mintrabajoguatemala?__cft__[0]=AZU0od9Skujyfi78uHCKWJoHh9StYRWQRc6DN1VlGP9F7OJRtUulEbyEbYlJ2EK5BKV-fJMlCup0iUkjaLRI_qoimt8_-ZAnt-_5hKklxJOCrcACWve_TpjrBmpXfb9XuR8ec_FJHG4vGIUN_N1n_MPTw5x0upoKF9PLltYVqYi--vYOUVFhqpnmxOwHK3m2XWo&amp;__tn__=-]K-R\"><span class=\"xt0psk2\"><span class=\"xjp7ctv\">Ministerio de Trabajo y Previsi\u00f3n Social<\/span><\/span><\/a><\/span>, junto con el <span class=\"html-span xdj266r x14z9mp xat24cr x1lziwak xexx8yu xyri2b x18d9i69 x1c1uobl x1hl2dhg x16tdsg8 x1vvkbs\"><a class=\"x1i10hfl xjbqb8w x1ejq31n x18oe1m7 x1sy0etr xstzfhl x972fbf x10w94by x1qhh985 x14e42zd x9f619 x1ypdohk xt0psk2 x3ct3a4 xdj266r x14z9mp xat24cr x1lziwak xexx8yu xyri2b x18d9i69 x1c1uobl x16tdsg8 x1hl2dhg xggy1nq x1a2a7pz xkrqix3 x1sur9pj x1fey0fg x1s688f\" tabindex=\"0\" role=\"link\" href=\"https:\/\/www.facebook.com\/conadiguate?__cft__[0]=AZU0od9Skujyfi78uHCKWJoHh9StYRWQRc6DN1VlGP9F7OJRtUulEbyEbYlJ2EK5BKV-fJMlCup0iUkjaLRI_qoimt8_-ZAnt-_5hKklxJOCrcACWve_TpjrBmpXfb9XuR8ec_FJHG4vGIUN_N1n_MPTw5x0upoKF9PLltYVqYi--vYOUVFhqpnmxOwHK3m2XWo&amp;__tn__=-]K-R\"><span class=\"xt0psk2\"><span class=\"xjp7ctv\">CONADI GUATEMALA<\/span><\/span><\/a><\/span> y autoridades departamentales, present\u00f3 en Cob\u00e1n el Programa Empl\u00e9ate Inclusivo y desarroll\u00f3 una capacitaci\u00f3n sobre derechos laborales con \u00e9nfasis en discapacidad.<\/div>\n<\/div>\n<div class=\"x14z9mp xat24cr x1lziwak x1vvkbs xtlvy1s x126k92a\">\n<div dir=\"auto\" style=\"text-align: justify;\">Esta acci\u00f3n reafirma el compromiso de promover empleo digno, justo e inclusivo para las y los guatemaltecos, fortaleciendo la participaci\u00f3n del sector productivo y de la sociedad civil en la construcci\u00f3n de un pa\u00eds m\u00e1s equitativo.<\/div>\n<\/div>\n<p>&nbsp;<\/p>\n<p>&nbsp;<\/p>\n<div>\n<div><\/div>\n<\/div>\n<p>&nbsp;<\/p>\n<p>&nbsp;<\/p>\n<p>&nbsp;<\/p>\n<p><a href=\"https:\/\/www.facebook.com\/reel\/1516124363037109\/?__cft__[0]=AZVYnH5ieydW6L5-e1Z-hxpfHyCC0OpvDxc-rTnFueqJWCpgkDy7qmlsGGXcxVga5ATBs4Moqcmf7mwGFhfbiQWWYsKR1bEWDtqwzZkRQatXNa0ykZnoxMEg9TOMa8Kd7dHJSmwzu5mI01V4Qw2vBLC2r8VLG0aq4Tkk6rwRF2V_q86hxjVr2mmI5AnOE2Bii_znmCP8isEWis74UP0OGgXk&amp;__tn__=%2CO%2CP-R\"><img decoding=\"async\" loading=\"lazy\" class=\"alignnone wp-image-23711 size-medium\" title=\"Ver video en Facebook\" src=\"https:\/\/gobernacionaltaverapaz.gob.gt\/wp-content\/uploads\/2025\/11\/0-6-300x200.gif\" alt=\"\" width=\"300\" height=\"200\" srcset=\"https:\/\/gobernacionaltaverapaz.gob.gt\/wp-content\/uploads\/2025\/11\/0-6-300x200.gif 300w, https:\/\/gobernacionaltaverapaz.gob.gt\/wp-content\/uploads\/2025\/11\/0-6-768x512.gif 768w\" sizes=\"(max-width: 300px) 100vw, 300px\" \/><\/a><\/p>\n","protected":false},"excerpt":{"rendered":"<p>El Gobierno de Guatemala, a trav\u00e9s del Ministerio de Trabajo y Previsi\u00f3n Social, junto con el CONADI GUATEMALA y autoridades departamentales, present\u00f3 en Cob\u00e1n el Programa Empl\u00e9ate Inclusivo y desarroll\u00f3 una capacitaci\u00f3n sobre derechos laborales con \u00e9nfasis en discapacidad. Esta acci\u00f3n reafirma el compromiso de promover empleo digno, justo e inclusivo para las y los [&hellip;]<\/p>\n","protected":false},"author":1,"featured_media":23713,"comment_status":"closed","ping_status":"open","sticky":false,"template":"","format":"video","meta":[],"categories":[183],"tags":[178],"_links":{"self":[{"href":"https:\/\/gobernacionaltaverapaz.gob.gt\/index.php?rest_route=\/wp\/v2\/posts\/23703"}],"collection":[{"href":"https:\/\/gobernacionaltaverapaz.gob.gt\/index.php?rest_route=\/wp\/v2\/posts"}],"about":[{"href":"https:\/\/gobernacionaltaverapaz.gob.gt\/index.php?rest_route=\/wp\/v2\/types\/post"}],"author":[{"embeddable":true,"href":"https:\/\/gobernacionaltaverapaz.gob.gt\/index.php?rest_route=\/wp\/v2\/users\/1"}],"replies":[{"embeddable":true,"href":"https:\/\/gobernacionaltaverapaz.gob.gt\/index.php?rest_route=%2Fwp%2Fv2%2Fcomments&post=23703"}],"version-history":[{"count":3,"href":"https:\/\/gobernacionaltaverapaz.gob.gt\/index.php?rest_route=\/wp\/v2\/posts\/23703\/revisions"}],"predecessor-version":[{"id":23722,"href":"https:\/\/gobernacionaltaverapaz.gob.gt\/index.php?rest_route=\/wp\/v2\/posts\/23703\/revisions\/23722"}],"wp:featuredmedia":[{"embeddable":true,"href":"https:\/\/gobernacionaltaverapaz.gob.gt\/index.php?rest_route=\/wp\/v2\/media\/23713"}],"wp:attachment":[{"href":"https:\/\/gobernacionaltaverapaz.gob.gt\/index.php?rest_route=%2Fwp%2Fv2%2Fmedia&parent=23703"}],"wp:term":[{"taxonomy":"category","embeddable":true,"href":"https:\/\/gobernacionaltaverapaz.gob.gt\/index.php?rest_route=%2Fwp%2Fv2%2Fcategories&post=23703"},{"taxonomy":"post_tag","embeddable":true,"href":"https:\/\/gobernacionaltaverapaz.gob.gt\/index.php?rest_route=%2Fwp%2Fv2%2Ftags&post=23703"}],"curies":[{"name":"wp","href":"https:\/\/api.w.org\/{rel}","templated":true}]}}