{"id":23733,"date":"2025-10-30T11:00:15","date_gmt":"2025-10-30T17:00:15","guid":{"rendered":"https:\/\/gobernacionaltaverapaz.gob.gt\/?p=23733"},"modified":"2025-11-10T17:07:43","modified_gmt":"2025-11-10T23:07:43","slug":"23733","status":"publish","type":"post","link":"https:\/\/gobernacionaltaverapaz.gob.gt\/?p=23733","title":{"rendered":"Consejo Regional de Desarrollo Urbano y Rural, Regi\u00f3n Norte"},"content":{"rendered":"<div class=\"x14z9mp xat24cr x1lziwak x1vvkbs xtlvy1s x126k92a\">\n<div dir=\"auto\" style=\"text-align: justify;\">En Santa Cruz Verapaz, se realiz\u00f3 la reuni\u00f3n ordinaria del Consejo Regional de Desarrollo Urbano y Rural \u2013 Regi\u00f3n Norte, con participaci\u00f3n de autoridades locales, instituciones p\u00fablicas y representantes comunitarios.<\/div>\n<\/div>\n<div class=\"x14z9mp xat24cr x1lziwak x1vvkbs xtlvy1s x126k92a\" style=\"text-align: justify;\">\n<div dir=\"auto\">Durante la jornada se revisaron avances f\u00edsicos y financieros, as\u00ed como acciones de planificaci\u00f3n territorial, fortaleciendo la coordinaci\u00f3n interinstitucional y la transparencia en el uso de los recursos.<\/div>\n<\/div>\n<div class=\"x14z9mp xat24cr x1lziwak x1vvkbs xtlvy1s x126k92a\">\n<div dir=\"auto\" style=\"text-align: justify;\">El Gobierno de Guatemala contin\u00faa trabajando por el desarrollo regional y la participaci\u00f3n ciudadana.<\/div>\n<\/div>\n<p>&nbsp;<\/p>\n<p>&nbsp;<\/p>\n<div><\/div>\n<p>&nbsp;<\/p>\n<p>&nbsp;<\/p>\n<p>&nbsp;<\/p>\n<p><a href=\"https:\/\/www.facebook.com\/reel\/1412132294253851\/?__cft__[0]=AZU3nz5qHG3a80aJwnk8flqtDTe0IajdEV7cSNlKPcej3bWFGZMqTQAYBJuORbqHGU65dhwxiPJee0UVPw5On2AJ3VBnWVS8-8Di3dymPhuW4vcQekjrulmJf26URHYJNGsmxAsWc29OyCbIATIP2aWtY7kzweZjMgAVxYGP6ZItEgiG_AJ0v861madr0l64U9rD21h72JF0bYDCGiLHDLJF&amp;__tn__=%2CO%2CP-R\"><img decoding=\"async\" loading=\"lazy\" class=\"alignnone wp-image-23734 size-medium\" title=\"Ver video en Facebook\" src=\"https:\/\/gobernacionaltaverapaz.gob.gt\/wp-content\/uploads\/2025\/11\/0-7-300x200.gif\" alt=\"\" width=\"300\" height=\"200\" srcset=\"https:\/\/gobernacionaltaverapaz.gob.gt\/wp-content\/uploads\/2025\/11\/0-7-300x200.gif 300w, https:\/\/gobernacionaltaverapaz.gob.gt\/wp-content\/uploads\/2025\/11\/0-7-768x512.gif 768w\" sizes=\"(max-width: 300px) 100vw, 300px\" \/><\/a><\/p>\n","protected":false},"excerpt":{"rendered":"<p>En Santa Cruz Verapaz, se realiz\u00f3 la reuni\u00f3n ordinaria del Consejo Regional de Desarrollo Urbano y Rural \u2013 Regi\u00f3n Norte, con participaci\u00f3n de autoridades locales, instituciones p\u00fablicas y representantes comunitarios. Durante la jornada se revisaron avances f\u00edsicos y financieros, as\u00ed como acciones de planificaci\u00f3n territorial, fortaleciendo la coordinaci\u00f3n interinstitucional y la transparencia en el uso [&hellip;]<\/p>\n","protected":false},"author":1,"featured_media":23723,"comment_status":"closed","ping_status":"open","sticky":false,"template":"","format":"video","meta":[],"categories":[183],"tags":[178],"_links":{"self":[{"href":"https:\/\/gobernacionaltaverapaz.gob.gt\/index.php?rest_route=\/wp\/v2\/posts\/23733"}],"collection":[{"href":"https:\/\/gobernacionaltaverapaz.gob.gt\/index.php?rest_route=\/wp\/v2\/posts"}],"about":[{"href":"https:\/\/gobernacionaltaverapaz.gob.gt\/index.php?rest_route=\/wp\/v2\/types\/post"}],"author":[{"embeddable":true,"href":"https:\/\/gobernacionaltaverapaz.gob.gt\/index.php?rest_route=\/wp\/v2\/users\/1"}],"replies":[{"embeddable":true,"href":"https:\/\/gobernacionaltaverapaz.gob.gt\/index.php?rest_route=%2Fwp%2Fv2%2Fcomments&post=23733"}],"version-history":[{"count":2,"href":"https:\/\/gobernacionaltaverapaz.gob.gt\/index.php?rest_route=\/wp\/v2\/posts\/23733\/revisions"}],"predecessor-version":[{"id":23736,"href":"https:\/\/gobernacionaltaverapaz.gob.gt\/index.php?rest_route=\/wp\/v2\/posts\/23733\/revisions\/23736"}],"wp:featuredmedia":[{"embeddable":true,"href":"https:\/\/gobernacionaltaverapaz.gob.gt\/index.php?rest_route=\/wp\/v2\/media\/23723"}],"wp:attachment":[{"href":"https:\/\/gobernacionaltaverapaz.gob.gt\/index.php?rest_route=%2Fwp%2Fv2%2Fmedia&parent=23733"}],"wp:term":[{"taxonomy":"category","embeddable":true,"href":"https:\/\/gobernacionaltaverapaz.gob.gt\/index.php?rest_route=%2Fwp%2Fv2%2Fcategories&post=23733"},{"taxonomy":"post_tag","embeddable":true,"href":"https:\/\/gobernacionaltaverapaz.gob.gt\/index.php?rest_route=%2Fwp%2Fv2%2Ftags&post=23733"}],"curies":[{"name":"wp","href":"https:\/\/api.w.org\/{rel}","templated":true}]}}