{"id":23748,"date":"2025-11-04T14:00:51","date_gmt":"2025-11-04T20:00:51","guid":{"rendered":"https:\/\/gobernacionaltaverapaz.gob.gt\/?p=23748"},"modified":"2025-11-10T17:19:12","modified_gmt":"2025-11-10T23:19:12","slug":"reunion-para-presentar-los-avances-significativos-alcanzados-en-el-territorio","status":"publish","type":"post","link":"https:\/\/gobernacionaltaverapaz.gob.gt\/?p=23748","title":{"rendered":"Reuni\u00f3n para presentar los avances significativos alcanzados en el territorio"},"content":{"rendered":"<div class=\"xdj266r x14z9mp xat24cr x1lziwak x1vvkbs x126k92a\">\n<div dir=\"auto\" style=\"text-align: justify;\">En Alta Verapaz inici\u00f3 con la visita del Presidente Bernardo Ar\u00e9valo, quien junto a la Gobernadora Dilia Margarita C\u00f3 Coy encabez\u00f3 una reuni\u00f3n para presentar los avances significativos alcanzados en el territorio.<\/div>\n<\/div>\n<div class=\"x14z9mp xat24cr x1lziwak x1vvkbs xtlvy1s x126k92a\" style=\"text-align: justify;\">\n<div dir=\"auto\">Durante el encuentro se destacaron los progresos en educaci\u00f3n, salud, infraestructura y seguridad, reflejo del trabajo coordinado entre el Gobierno de Guatemala y la Gobernaci\u00f3n Departamental de Alta Verapaz.<\/div>\n<\/div>\n<div class=\"x14z9mp xat24cr x1lziwak x1vvkbs xtlvy1s x126k92a\" style=\"text-align: justify;\">\n<div dir=\"auto\">El Presidente tambi\u00e9n realiz\u00f3 un recorrido por las diferentes oficinas de la Gobernaci\u00f3n Departamental, donde convers\u00f3 con el personal y conoci\u00f3 de cerca el trabajo que se realiza diariamente en beneficio de la poblaci\u00f3n.<\/div>\n<\/div>\n<div class=\"x14z9mp xat24cr x1lziwak x1vvkbs xtlvy1s x126k92a\">\n<div dir=\"auto\" style=\"text-align: justify;\">Alta Verapaz avanza con un gobierno m\u00e1s cercano, participativo y enfocado en resultados reales para el bienestar de su gente.<\/div>\n<\/div>\n<p>&nbsp;<\/p>\n<p>&nbsp;<\/p>\n<div><\/div>\n","protected":false},"excerpt":{"rendered":"<p>En Alta Verapaz inici\u00f3 con la visita del Presidente Bernardo Ar\u00e9valo, quien junto a la Gobernadora Dilia Margarita C\u00f3 Coy encabez\u00f3 una reuni\u00f3n para presentar los avances significativos alcanzados en el territorio. Durante el encuentro se destacaron los progresos en educaci\u00f3n, salud, infraestructura y seguridad, reflejo del trabajo coordinado entre el Gobierno de Guatemala y [&hellip;]<\/p>\n","protected":false},"author":1,"featured_media":23737,"comment_status":"closed","ping_status":"open","sticky":false,"template":"","format":"gallery","meta":[],"categories":[183],"tags":[178],"_links":{"self":[{"href":"https:\/\/gobernacionaltaverapaz.gob.gt\/index.php?rest_route=\/wp\/v2\/posts\/23748"}],"collection":[{"href":"https:\/\/gobernacionaltaverapaz.gob.gt\/index.php?rest_route=\/wp\/v2\/posts"}],"about":[{"href":"https:\/\/gobernacionaltaverapaz.gob.gt\/index.php?rest_route=\/wp\/v2\/types\/post"}],"author":[{"embeddable":true,"href":"https:\/\/gobernacionaltaverapaz.gob.gt\/index.php?rest_route=\/wp\/v2\/users\/1"}],"replies":[{"embeddable":true,"href":"https:\/\/gobernacionaltaverapaz.gob.gt\/index.php?rest_route=%2Fwp%2Fv2%2Fcomments&post=23748"}],"version-history":[{"count":1,"href":"https:\/\/gobernacionaltaverapaz.gob.gt\/index.php?rest_route=\/wp\/v2\/posts\/23748\/revisions"}],"predecessor-version":[{"id":23749,"href":"https:\/\/gobernacionaltaverapaz.gob.gt\/index.php?rest_route=\/wp\/v2\/posts\/23748\/revisions\/23749"}],"wp:featuredmedia":[{"embeddable":true,"href":"https:\/\/gobernacionaltaverapaz.gob.gt\/index.php?rest_route=\/wp\/v2\/media\/23737"}],"wp:attachment":[{"href":"https:\/\/gobernacionaltaverapaz.gob.gt\/index.php?rest_route=%2Fwp%2Fv2%2Fmedia&parent=23748"}],"wp:term":[{"taxonomy":"category","embeddable":true,"href":"https:\/\/gobernacionaltaverapaz.gob.gt\/index.php?rest_route=%2Fwp%2Fv2%2Fcategories&post=23748"},{"taxonomy":"post_tag","embeddable":true,"href":"https:\/\/gobernacionaltaverapaz.gob.gt\/index.php?rest_route=%2Fwp%2Fv2%2Ftags&post=23748"}],"curies":[{"name":"wp","href":"https:\/\/api.w.org\/{rel}","templated":true}]}}