{"id":23759,"date":"2025-11-04T14:30:58","date_gmt":"2025-11-04T20:30:58","guid":{"rendered":"https:\/\/gobernacionaltaverapaz.gob.gt\/?p=23759"},"modified":"2025-11-10T17:23:24","modified_gmt":"2025-11-10T23:23:24","slug":"inicio-al-proceso-de-instalacion-del-gobierno-departamental-acompanado-por-la-gobernadora-dilia-margarita-co-coy","status":"publish","type":"post","link":"https:\/\/gobernacionaltaverapaz.gob.gt\/?p=23759","title":{"rendered":"Inicio al proceso de instalaci\u00f3n del Gobierno Departamental, acompa\u00f1ado por la Gobernadora Dilia Margarita C\u00f3 Coy"},"content":{"rendered":"<div class=\"xdj266r x14z9mp xat24cr x1lziwak x1vvkbs x126k92a\">\n<div dir=\"auto\" style=\"text-align: justify;\">El Presidente Bernardo Ar\u00e9valo visit\u00f3 Alta Verapaz para dar inicio al proceso de instalaci\u00f3n del Gobierno Departamental, acompa\u00f1ado por la Gobernadora Dilia Margarita C\u00f3 Coy.<\/div>\n<\/div>\n<div class=\"x14z9mp xat24cr x1lziwak x1vvkbs xtlvy1s x126k92a\" style=\"text-align: justify;\">\n<div dir=\"auto\">Este paso marca un hecho hist\u00f3rico para el departamento y forma parte de la estrategia nacional de descentralizaci\u00f3n de gestiones y decisiones, que busca acercar el Gobierno a las comunidades y fortalecer el desarrollo local.<\/div>\n<\/div>\n<div class=\"x14z9mp xat24cr x1lziwak x1vvkbs xtlvy1s x126k92a\" style=\"text-align: justify;\">\n<div dir=\"auto\">La Gobernadora destac\u00f3 que esta nueva etapa permitir\u00e1 coordinar con mayor eficacia las acciones del Ejecutivo con las municipalidades, promoviendo un Estado m\u00e1s presente, participativo y cercano a la poblaci\u00f3n.<\/div>\n<\/div>\n<div class=\"x14z9mp xat24cr x1lziwak x1vvkbs xtlvy1s x126k92a\">\n<div dir=\"auto\" style=\"text-align: justify;\">Con esta visita, el Presidente reafirm\u00f3 su compromiso con llevar el desarrollo a donde m\u00e1s se necesita, impulsando una gesti\u00f3n transparente, inclusiva y con enfoque territorial en beneficio de todas las familias altaverapacenses.<\/div>\n<\/div>\n<p>&nbsp;<\/p>\n<p>&nbsp;<\/p>\n<div><\/div>\n","protected":false},"excerpt":{"rendered":"<p>El Presidente Bernardo Ar\u00e9valo visit\u00f3 Alta Verapaz para dar inicio al proceso de instalaci\u00f3n del Gobierno Departamental, acompa\u00f1ado por la Gobernadora Dilia Margarita C\u00f3 Coy. Este paso marca un hecho hist\u00f3rico para el departamento y forma parte de la estrategia nacional de descentralizaci\u00f3n de gestiones y decisiones, que busca acercar el Gobierno a las comunidades [&hellip;]<\/p>\n","protected":false},"author":1,"featured_media":23750,"comment_status":"closed","ping_status":"open","sticky":false,"template":"","format":"gallery","meta":[],"categories":[183],"tags":[178],"_links":{"self":[{"href":"https:\/\/gobernacionaltaverapaz.gob.gt\/index.php?rest_route=\/wp\/v2\/posts\/23759"}],"collection":[{"href":"https:\/\/gobernacionaltaverapaz.gob.gt\/index.php?rest_route=\/wp\/v2\/posts"}],"about":[{"href":"https:\/\/gobernacionaltaverapaz.gob.gt\/index.php?rest_route=\/wp\/v2\/types\/post"}],"author":[{"embeddable":true,"href":"https:\/\/gobernacionaltaverapaz.gob.gt\/index.php?rest_route=\/wp\/v2\/users\/1"}],"replies":[{"embeddable":true,"href":"https:\/\/gobernacionaltaverapaz.gob.gt\/index.php?rest_route=%2Fwp%2Fv2%2Fcomments&post=23759"}],"version-history":[{"count":1,"href":"https:\/\/gobernacionaltaverapaz.gob.gt\/index.php?rest_route=\/wp\/v2\/posts\/23759\/revisions"}],"predecessor-version":[{"id":23760,"href":"https:\/\/gobernacionaltaverapaz.gob.gt\/index.php?rest_route=\/wp\/v2\/posts\/23759\/revisions\/23760"}],"wp:featuredmedia":[{"embeddable":true,"href":"https:\/\/gobernacionaltaverapaz.gob.gt\/index.php?rest_route=\/wp\/v2\/media\/23750"}],"wp:attachment":[{"href":"https:\/\/gobernacionaltaverapaz.gob.gt\/index.php?rest_route=%2Fwp%2Fv2%2Fmedia&parent=23759"}],"wp:term":[{"taxonomy":"category","embeddable":true,"href":"https:\/\/gobernacionaltaverapaz.gob.gt\/index.php?rest_route=%2Fwp%2Fv2%2Fcategories&post=23759"},{"taxonomy":"post_tag","embeddable":true,"href":"https:\/\/gobernacionaltaverapaz.gob.gt\/index.php?rest_route=%2Fwp%2Fv2%2Ftags&post=23759"}],"curies":[{"name":"wp","href":"https:\/\/api.w.org\/{rel}","templated":true}]}}