{"id":23783,"date":"2025-11-04T16:00:47","date_gmt":"2025-11-04T22:00:47","guid":{"rendered":"https:\/\/gobernacionaltaverapaz.gob.gt\/?p=23783"},"modified":"2025-11-10T17:39:12","modified_gmt":"2025-11-10T23:39:12","slug":"presidente-de-la-republica-sostuvo-una-reunion-con-los-alcaldes-del-departamento-de-alta-verapaz","status":"publish","type":"post","link":"https:\/\/gobernacionaltaverapaz.gob.gt\/?p=23783","title":{"rendered":"Presidente de la Rep\u00fablica sostuvo una reuni\u00f3n con los alcaldes del departamento de Alta Verapaz"},"content":{"rendered":"<div class=\"xdj266r x14z9mp xat24cr x1lziwak x1vvkbs x126k92a\">\n<div dir=\"auto\" style=\"text-align: justify;\">El Presidente de la Rep\u00fablica sostuvo una reuni\u00f3n con los alcaldes del departamento de Alta Verapaz, acompa\u00f1ado por la Gobernadora Dilia Margarita C\u00f3 Coy, en el marco de la estrategia <span class=\"html-span xdj266r x14z9mp xat24cr x1lziwak xexx8yu xyri2b x18d9i69 x1c1uobl x1hl2dhg x16tdsg8 x1vvkbs\"><a class=\"x1i10hfl xjbqb8w x1ejq31n x18oe1m7 x1sy0etr xstzfhl x972fbf x10w94by x1qhh985 x14e42zd x9f619 x1ypdohk xt0psk2 x3ct3a4 xdj266r x14z9mp xat24cr x1lziwak xexx8yu xyri2b x18d9i69 x1c1uobl x16tdsg8 x1hl2dhg xggy1nq x1a2a7pz xkrqix3 x1sur9pj x1fey0fg x1s688f\" tabindex=\"0\" role=\"link\" href=\"https:\/\/www.facebook.com\/hashtag\/atutierra?__eep__=6&amp;__cft__[0]=AZVs5Q8tx7nR32BJyAp5RN_1IkNLXt2tfoDWYP2l-iJRjC3ge8CuUFP8lYqvcZ1ggmFZHP3N7Ah-7zFCgftPIYcrdXuzSin97Dclslr1yoZcz5jG7lh3_GzsV3khTCTuSVmLjXFNxOTOCbvZgvxt7UvC0dE2QEh51Va2SZ-pLwDLqQ&amp;__tn__=*NK-R\">#ATuTierra<\/a><\/span>, que impulsa la presencia directa del Gobierno Central en el territorio.<\/div>\n<\/div>\n<div class=\"x14z9mp xat24cr x1lziwak x1vvkbs xtlvy1s x126k92a\">\n<div dir=\"auto\" style=\"text-align: justify;\">Durante el encuentro se propici\u00f3 un espacio de di\u00e1logo y participaci\u00f3n para conocer los avances y necesidades, as\u00ed como la coordinaci\u00f3n interinstitucional y el trabajo conjunto con las municipalidades para priorizar acciones que impulsen el desarrollo integral del departamento y mejoren el bienestar de la poblaci\u00f3n.<\/div>\n<\/div>\n<p>&nbsp;<\/p>\n<p>&nbsp;<\/p>\n<div><\/div>\n","protected":false},"excerpt":{"rendered":"<p>El Presidente de la Rep\u00fablica sostuvo una reuni\u00f3n con los alcaldes del departamento de Alta Verapaz, acompa\u00f1ado por la Gobernadora Dilia Margarita C\u00f3 Coy, en el marco de la estrategia #ATuTierra, que impulsa la presencia directa del Gobierno Central en el territorio. Durante el encuentro se propici\u00f3 un espacio de di\u00e1logo y participaci\u00f3n para conocer [&hellip;]<\/p>\n","protected":false},"author":1,"featured_media":23774,"comment_status":"closed","ping_status":"open","sticky":false,"template":"","format":"gallery","meta":[],"categories":[183],"tags":[178],"_links":{"self":[{"href":"https:\/\/gobernacionaltaverapaz.gob.gt\/index.php?rest_route=\/wp\/v2\/posts\/23783"}],"collection":[{"href":"https:\/\/gobernacionaltaverapaz.gob.gt\/index.php?rest_route=\/wp\/v2\/posts"}],"about":[{"href":"https:\/\/gobernacionaltaverapaz.gob.gt\/index.php?rest_route=\/wp\/v2\/types\/post"}],"author":[{"embeddable":true,"href":"https:\/\/gobernacionaltaverapaz.gob.gt\/index.php?rest_route=\/wp\/v2\/users\/1"}],"replies":[{"embeddable":true,"href":"https:\/\/gobernacionaltaverapaz.gob.gt\/index.php?rest_route=%2Fwp%2Fv2%2Fcomments&post=23783"}],"version-history":[{"count":1,"href":"https:\/\/gobernacionaltaverapaz.gob.gt\/index.php?rest_route=\/wp\/v2\/posts\/23783\/revisions"}],"predecessor-version":[{"id":23784,"href":"https:\/\/gobernacionaltaverapaz.gob.gt\/index.php?rest_route=\/wp\/v2\/posts\/23783\/revisions\/23784"}],"wp:featuredmedia":[{"embeddable":true,"href":"https:\/\/gobernacionaltaverapaz.gob.gt\/index.php?rest_route=\/wp\/v2\/media\/23774"}],"wp:attachment":[{"href":"https:\/\/gobernacionaltaverapaz.gob.gt\/index.php?rest_route=%2Fwp%2Fv2%2Fmedia&parent=23783"}],"wp:term":[{"taxonomy":"category","embeddable":true,"href":"https:\/\/gobernacionaltaverapaz.gob.gt\/index.php?rest_route=%2Fwp%2Fv2%2Fcategories&post=23783"},{"taxonomy":"post_tag","embeddable":true,"href":"https:\/\/gobernacionaltaverapaz.gob.gt\/index.php?rest_route=%2Fwp%2Fv2%2Ftags&post=23783"}],"curies":[{"name":"wp","href":"https:\/\/api.w.org\/{rel}","templated":true}]}}