{"id":23788,"date":"2025-11-07T10:07:45","date_gmt":"2025-11-07T16:07:45","guid":{"rendered":"https:\/\/gobernacionaltaverapaz.gob.gt\/?p=23788"},"modified":"2025-11-10T17:46:28","modified_gmt":"2025-11-10T23:46:28","slug":"construyendo-el-futuro-aereo-de-coban","status":"publish","type":"post","link":"https:\/\/gobernacionaltaverapaz.gob.gt\/?p=23788","title":{"rendered":"Construyendo el futuro a\u00e9reo de Cob\u00e1n"},"content":{"rendered":"<div class=\"x14z9mp xat24cr x1lziwak x1vvkbs xtlvy1s x126k92a\">\n<div dir=\"auto\" style=\"text-align: justify;\">En el Aer\u00f3dromo de Cob\u00e1n se desarroll\u00f3 la reuni\u00f3n del Plan Maestro de Aer\u00f3dromos, un espacio de di\u00e1logo y proyecci\u00f3n que reuni\u00f3 a autoridades locales, representantes del sector tur\u00edstico y actores del \u00e1mbito privado.<\/div>\n<\/div>\n<div class=\"x14z9mp xat24cr x1lziwak x1vvkbs xtlvy1s x126k92a\">\n<div dir=\"auto\" style=\"text-align: justify;\">Con el objetivo de impulsar el crecimiento y la conectividad a\u00e9rea de Alta Verapaz, fortaleciendo la planificaci\u00f3n del desarrollo aeroportuario en beneficio de toda la regi\u00f3n.<\/div>\n<\/div>\n<p>&nbsp;<\/p>\n<p>&nbsp;<\/p>\n<div><\/div>\n","protected":false},"excerpt":{"rendered":"<p>En el Aer\u00f3dromo de Cob\u00e1n se desarroll\u00f3 la reuni\u00f3n del Plan Maestro de Aer\u00f3dromos, un espacio de di\u00e1logo y proyecci\u00f3n que reuni\u00f3 a autoridades locales, representantes del sector tur\u00edstico y actores del \u00e1mbito privado. Con el objetivo de impulsar el crecimiento y la conectividad a\u00e9rea de Alta Verapaz, fortaleciendo la planificaci\u00f3n del desarrollo aeroportuario en [&hellip;]<\/p>\n","protected":false},"author":1,"featured_media":23785,"comment_status":"closed","ping_status":"open","sticky":false,"template":"","format":"gallery","meta":[],"categories":[183],"tags":[178],"_links":{"self":[{"href":"https:\/\/gobernacionaltaverapaz.gob.gt\/index.php?rest_route=\/wp\/v2\/posts\/23788"}],"collection":[{"href":"https:\/\/gobernacionaltaverapaz.gob.gt\/index.php?rest_route=\/wp\/v2\/posts"}],"about":[{"href":"https:\/\/gobernacionaltaverapaz.gob.gt\/index.php?rest_route=\/wp\/v2\/types\/post"}],"author":[{"embeddable":true,"href":"https:\/\/gobernacionaltaverapaz.gob.gt\/index.php?rest_route=\/wp\/v2\/users\/1"}],"replies":[{"embeddable":true,"href":"https:\/\/gobernacionaltaverapaz.gob.gt\/index.php?rest_route=%2Fwp%2Fv2%2Fcomments&post=23788"}],"version-history":[{"count":1,"href":"https:\/\/gobernacionaltaverapaz.gob.gt\/index.php?rest_route=\/wp\/v2\/posts\/23788\/revisions"}],"predecessor-version":[{"id":23789,"href":"https:\/\/gobernacionaltaverapaz.gob.gt\/index.php?rest_route=\/wp\/v2\/posts\/23788\/revisions\/23789"}],"wp:featuredmedia":[{"embeddable":true,"href":"https:\/\/gobernacionaltaverapaz.gob.gt\/index.php?rest_route=\/wp\/v2\/media\/23785"}],"wp:attachment":[{"href":"https:\/\/gobernacionaltaverapaz.gob.gt\/index.php?rest_route=%2Fwp%2Fv2%2Fmedia&parent=23788"}],"wp:term":[{"taxonomy":"category","embeddable":true,"href":"https:\/\/gobernacionaltaverapaz.gob.gt\/index.php?rest_route=%2Fwp%2Fv2%2Fcategories&post=23788"},{"taxonomy":"post_tag","embeddable":true,"href":"https:\/\/gobernacionaltaverapaz.gob.gt\/index.php?rest_route=%2Fwp%2Fv2%2Ftags&post=23788"}],"curies":[{"name":"wp","href":"https:\/\/api.w.org\/{rel}","templated":true}]}}