{"id":23810,"date":"2025-11-07T15:00:27","date_gmt":"2025-11-07T21:00:27","guid":{"rendered":"https:\/\/gobernacionaltaverapaz.gob.gt\/?p=23810"},"modified":"2025-11-10T18:00:59","modified_gmt":"2025-11-11T00:00:59","slug":"entrega-del-bono-social-en-el-municipio-de-santa-catalina-la-tinta","status":"publish","type":"post","link":"https:\/\/gobernacionaltaverapaz.gob.gt\/?p=23810","title":{"rendered":"Entrega del Bono Social en el municipio de Santa Catalina La Tinta"},"content":{"rendered":"<div class=\"xdj266r x14z9mp xat24cr x1lziwak x1vvkbs x126k92a\">\n<div dir=\"auto\" style=\"text-align: justify;\">La Gobernaci\u00f3n Departamental de Alta Verapaz acompa\u00f1\u00f3 la jornada de entrega del Bono Social en el municipio de Santa Catalina La Tinta, donde 2,777 hogares fueron beneficiados gracias al trabajo coordinado entre el Ministerio de Desarrollo Social y las instituciones del Ejecutivo.<\/div>\n<\/div>\n<div class=\"x14z9mp xat24cr x1lziwak x1vvkbs xtlvy1s x126k92a\" style=\"text-align: justify;\">\n<div dir=\"auto\">En el marco del COMUDE extraordinario, tambi\u00e9n se compartieron los datos actualizados del Registro Social de Hogares (RSH), que reflejan la situaci\u00f3n demogr\u00e1fica del municipio: 43,049 habitantes, 9,035 hogares y una alta proporci\u00f3n de ni\u00f1ez, adolescentes y j\u00f3venes, sectores prioritarios para las pol\u00edticas p\u00fablicas del Gobierno Central.<\/div>\n<\/div>\n<div class=\"x14z9mp xat24cr x1lziwak x1vvkbs xtlvy1s x126k92a\" style=\"text-align: justify;\">\n<div dir=\"auto\">Este esfuerzo forma parte de la estrategia nacional <span class=\"html-span xdj266r x14z9mp xat24cr x1lziwak xexx8yu xyri2b x18d9i69 x1c1uobl x1hl2dhg x16tdsg8 x1vvkbs\"><a class=\"x1i10hfl xjbqb8w x1ejq31n x18oe1m7 x1sy0etr xstzfhl x972fbf x10w94by x1qhh985 x14e42zd x9f619 x1ypdohk xt0psk2 x3ct3a4 xdj266r x14z9mp xat24cr x1lziwak xexx8yu xyri2b x18d9i69 x1c1uobl x16tdsg8 x1hl2dhg xggy1nq x1a2a7pz xkrqix3 x1sur9pj x1fey0fg x1s688f\" tabindex=\"0\" role=\"link\" href=\"https:\/\/www.facebook.com\/hashtag\/manoamanogt?__eep__=6&amp;__cft__[0]=AZXjH9xQfpLEuw1VQKfDKmLlehciH7-lamsfEuOutrLXnqXd-jEVpcTzPjVIXmcXl7t0cFZ7nsTx9G8BjmfvZHzqwRFPjDdMMgA7FZ99x1v8UVXhcdBRgZVz1kq_3MpbnEMHMe5IP9AWoLE-BxUSLupcgT9hoKY_-inOoFRxFkafbw&amp;__tn__=*NK-R\">#ManoAManoGT<\/a><\/span> y del RSHGuate, que prioriza a las comunidades con mayores \u00edndices de pobreza multidimensional.<\/div>\n<\/div>\n<div class=\"x14z9mp xat24cr x1lziwak x1vvkbs xtlvy1s x126k92a\">\n<div dir=\"auto\" style=\"text-align: justify;\">La Gobernadora Dilia Margarita C\u00f3 Coy reafirma el compromiso de la Gobernaci\u00f3n Departamental de acompa\u00f1ar estos procesos que buscan reducir brechas hist\u00f3ricas y garantizar mejores oportunidades para las familias altaverapacenses.<\/div>\n<\/div>\n<p>&nbsp;<\/p>\n<p>&nbsp;<\/p>\n<div><\/div>\n","protected":false},"excerpt":{"rendered":"<p>La Gobernaci\u00f3n Departamental de Alta Verapaz acompa\u00f1\u00f3 la jornada de entrega del Bono Social en el municipio de Santa Catalina La Tinta, donde 2,777 hogares fueron beneficiados gracias al trabajo coordinado entre el Ministerio de Desarrollo Social y las instituciones del Ejecutivo. En el marco del COMUDE extraordinario, tambi\u00e9n se compartieron los datos actualizados del [&hellip;]<\/p>\n","protected":false},"author":1,"featured_media":23801,"comment_status":"closed","ping_status":"open","sticky":false,"template":"","format":"gallery","meta":[],"categories":[183],"tags":[178],"_links":{"self":[{"href":"https:\/\/gobernacionaltaverapaz.gob.gt\/index.php?rest_route=\/wp\/v2\/posts\/23810"}],"collection":[{"href":"https:\/\/gobernacionaltaverapaz.gob.gt\/index.php?rest_route=\/wp\/v2\/posts"}],"about":[{"href":"https:\/\/gobernacionaltaverapaz.gob.gt\/index.php?rest_route=\/wp\/v2\/types\/post"}],"author":[{"embeddable":true,"href":"https:\/\/gobernacionaltaverapaz.gob.gt\/index.php?rest_route=\/wp\/v2\/users\/1"}],"replies":[{"embeddable":true,"href":"https:\/\/gobernacionaltaverapaz.gob.gt\/index.php?rest_route=%2Fwp%2Fv2%2Fcomments&post=23810"}],"version-history":[{"count":1,"href":"https:\/\/gobernacionaltaverapaz.gob.gt\/index.php?rest_route=\/wp\/v2\/posts\/23810\/revisions"}],"predecessor-version":[{"id":23811,"href":"https:\/\/gobernacionaltaverapaz.gob.gt\/index.php?rest_route=\/wp\/v2\/posts\/23810\/revisions\/23811"}],"wp:featuredmedia":[{"embeddable":true,"href":"https:\/\/gobernacionaltaverapaz.gob.gt\/index.php?rest_route=\/wp\/v2\/media\/23801"}],"wp:attachment":[{"href":"https:\/\/gobernacionaltaverapaz.gob.gt\/index.php?rest_route=%2Fwp%2Fv2%2Fmedia&parent=23810"}],"wp:term":[{"taxonomy":"category","embeddable":true,"href":"https:\/\/gobernacionaltaverapaz.gob.gt\/index.php?rest_route=%2Fwp%2Fv2%2Fcategories&post=23810"},{"taxonomy":"post_tag","embeddable":true,"href":"https:\/\/gobernacionaltaverapaz.gob.gt\/index.php?rest_route=%2Fwp%2Fv2%2Ftags&post=23810"}],"curies":[{"name":"wp","href":"https:\/\/api.w.org\/{rel}","templated":true}]}}