{"id":23835,"date":"2025-11-08T11:23:52","date_gmt":"2025-11-08T17:23:52","guid":{"rendered":"https:\/\/gobernacionaltaverapaz.gob.gt\/?p=23835"},"modified":"2025-11-11T09:25:59","modified_gmt":"2025-11-11T15:25:59","slug":"avances-en-la-politica-publica-departamental-para-la-atencion-de-la-conflictividad-2019-2032","status":"publish","type":"post","link":"https:\/\/gobernacionaltaverapaz.gob.gt\/?p=23835","title":{"rendered":"Avances en la Pol\u00edtica P\u00fablica Departamental para la Atenci\u00f3n de la Conflictividad 2019-2032"},"content":{"rendered":"<div class=\"xdj266r x14z9mp xat24cr x1lziwak x1vvkbs x126k92a\">\n<div dir=\"auto\" style=\"text-align: justify;\">La Lcda. Dilia Margarita C\u00f3 Coy, Gobernadora Departamental de Alta Verapaz, visit\u00f3 la sede central de la Secretar\u00eda de Planificaci\u00f3n y Programaci\u00f3n de la Presidencia (SEGEPLAN) en la Ciudad de Guatemala, para presentar los avances en la Pol\u00edtica P\u00fablica Departamental para la Atenci\u00f3n de la Conflictividad 2019-2032 y coordinar su proceso de revisi\u00f3n y actualizaci\u00f3n.<\/div>\n<\/div>\n<div class=\"x14z9mp xat24cr x1lziwak x1vvkbs xtlvy1s x126k92a\" style=\"text-align: justify;\">\n<div dir=\"auto\">Esta pol\u00edtica constituye un instrumento estrat\u00e9gico para la prevenci\u00f3n, gesti\u00f3n y transformaci\u00f3n pac\u00edfica de los conflictos sociales, ambientales y agrarios que persisten en el territorio altaverapacense. Su actualizaci\u00f3n busca fortalecer las capacidades institucionales, promover el di\u00e1logo, la gobernabilidad democr\u00e1tica y el desarrollo sostenible en el departamento.<\/div>\n<\/div>\n<div class=\"x14z9mp xat24cr x1lziwak x1vvkbs xtlvy1s x126k92a\" style=\"text-align: justify;\">\n<div dir=\"auto\">Durante la reuni\u00f3n, la Gobernadora destac\u00f3 la importancia del acompa\u00f1amiento t\u00e9cnico y metodol\u00f3gico de la organizaci\u00f3n internacional Mercy Corps, cuyo apoyo ha sido clave para impulsar la implementaci\u00f3n de esta pol\u00edtica en coordinaci\u00f3n con las instituciones p\u00fablicas y las organizaciones sociales del territorio, tambi\u00e9n el trabajo que realiza cada d\u00eda la Unidad de Atenci\u00f3n y Transformaci\u00f3n de la Conflictividad, instalada en el Palacio de Gobernaci\u00f3n Depaetamental de Alta Verapaz, quienes atienden a la poblaci\u00f3n.<\/div>\n<\/div>\n<div class=\"x14z9mp xat24cr x1lziwak x1vvkbs xtlvy1s x126k92a\" style=\"text-align: justify;\">\n<div dir=\"auto\">Representantes de SEGEPLAN analizaron los avances, desaf\u00edos y pr\u00f3ximos pasos para garantizar que la pol\u00edtica mantenga su vigencia y efectividad frente a los nuevos contextos de conflictividad en el departamento.<\/div>\n<\/div>\n<div class=\"x14z9mp xat24cr x1lziwak x1vvkbs xtlvy1s x126k92a\">\n<div dir=\"auto\" style=\"text-align: justify;\">La Pol\u00edtica P\u00fablica Departamental para la Atenci\u00f3n de la Conflictividad reafirma el compromiso del Gobierno de Guatemala y de la Gobernadora Dilia Margarita C\u00f3 Coy con la paz, la armon\u00eda comunitaria y la atenci\u00f3n digna de los pueblos de Alta Verapaz.<\/div>\n<\/div>\n<p>&nbsp;<\/p>\n<p>&nbsp;<\/p>\n<p>&nbsp;<\/p>\n<div><\/div>\n","protected":false},"excerpt":{"rendered":"<p>La Lcda. Dilia Margarita C\u00f3 Coy, Gobernadora Departamental de Alta Verapaz, visit\u00f3 la sede central de la Secretar\u00eda de Planificaci\u00f3n y Programaci\u00f3n de la Presidencia (SEGEPLAN) en la Ciudad de Guatemala, para presentar los avances en la Pol\u00edtica P\u00fablica Departamental para la Atenci\u00f3n de la Conflictividad 2019-2032 y coordinar su proceso de revisi\u00f3n y actualizaci\u00f3n. [&hellip;]<\/p>\n","protected":false},"author":1,"featured_media":23831,"comment_status":"closed","ping_status":"open","sticky":false,"template":"","format":"gallery","meta":[],"categories":[183],"tags":[178],"_links":{"self":[{"href":"https:\/\/gobernacionaltaverapaz.gob.gt\/index.php?rest_route=\/wp\/v2\/posts\/23835"}],"collection":[{"href":"https:\/\/gobernacionaltaverapaz.gob.gt\/index.php?rest_route=\/wp\/v2\/posts"}],"about":[{"href":"https:\/\/gobernacionaltaverapaz.gob.gt\/index.php?rest_route=\/wp\/v2\/types\/post"}],"author":[{"embeddable":true,"href":"https:\/\/gobernacionaltaverapaz.gob.gt\/index.php?rest_route=\/wp\/v2\/users\/1"}],"replies":[{"embeddable":true,"href":"https:\/\/gobernacionaltaverapaz.gob.gt\/index.php?rest_route=%2Fwp%2Fv2%2Fcomments&post=23835"}],"version-history":[{"count":1,"href":"https:\/\/gobernacionaltaverapaz.gob.gt\/index.php?rest_route=\/wp\/v2\/posts\/23835\/revisions"}],"predecessor-version":[{"id":23836,"href":"https:\/\/gobernacionaltaverapaz.gob.gt\/index.php?rest_route=\/wp\/v2\/posts\/23835\/revisions\/23836"}],"wp:featuredmedia":[{"embeddable":true,"href":"https:\/\/gobernacionaltaverapaz.gob.gt\/index.php?rest_route=\/wp\/v2\/media\/23831"}],"wp:attachment":[{"href":"https:\/\/gobernacionaltaverapaz.gob.gt\/index.php?rest_route=%2Fwp%2Fv2%2Fmedia&parent=23835"}],"wp:term":[{"taxonomy":"category","embeddable":true,"href":"https:\/\/gobernacionaltaverapaz.gob.gt\/index.php?rest_route=%2Fwp%2Fv2%2Fcategories&post=23835"},{"taxonomy":"post_tag","embeddable":true,"href":"https:\/\/gobernacionaltaverapaz.gob.gt\/index.php?rest_route=%2Fwp%2Fv2%2Ftags&post=23835"}],"curies":[{"name":"wp","href":"https:\/\/api.w.org\/{rel}","templated":true}]}}