{"id":23837,"date":"2025-11-08T13:30:16","date_gmt":"2025-11-08T19:30:16","guid":{"rendered":"https:\/\/gobernacionaltaverapaz.gob.gt\/?p=23837"},"modified":"2025-11-11T09:30:25","modified_gmt":"2025-11-11T15:30:25","slug":"convenio-con-el-tercer-vice-ministerio-de-gobernacion-para-la-prevencion-departamental-de-la-violencia-prevetren","status":"publish","type":"post","link":"https:\/\/gobernacionaltaverapaz.gob.gt\/?p=23837","title":{"rendered":"Convenio con el Tercer Vice-ministerio de Gobernaci\u00f3n para la Prevenci\u00f3n Departamental de la Violencia (PREVETREN)"},"content":{"rendered":"<div class=\"xdj266r x14z9mp xat24cr x1lziwak x1vvkbs x126k92a\">\n<div dir=\"auto\" style=\"text-align: justify;\">La Lcda. Dilia Margarita C\u00f3 Coy, Gobernadora Departamental de Alta Verapaz, firm\u00f3 un convenio con el Tercer Vice-ministerio de Gobernaci\u00f3n para la Prevenci\u00f3n Departamental de la Violencia (PREVETREN), con el objetivo de fomentar la seguridad ciudadana y la convivencia pac\u00edfica en el departamento.<\/div>\n<\/div>\n<div class=\"x14z9mp xat24cr x1lziwak x1vvkbs xtlvy1s x126k92a\" style=\"text-align: justify;\">\n<div dir=\"auto\">Este convenio busca implementar estrategias que fortalezcan la participaci\u00f3n ciudadana en la prevenci\u00f3n de la violencia, organizar y desarrollar la participaci\u00f3n civil en los diferentes niveles del Gobierno Departamental, y generar una cultura de prevenci\u00f3n, alertas tempranas, denuncia y planes de trabajo.<\/div>\n<\/div>\n<div class=\"x14z9mp xat24cr x1lziwak x1vvkbs xtlvy1s x126k92a\" style=\"text-align: justify;\">\n<div dir=\"auto\">La Gobernadora C\u00f3 Coy destac\u00f3 la importancia de trabajar en conjunto con la ciudadan\u00eda para abordar los desaf\u00edos de seguridad en Alta Verapaz y promover un entorno seguro y pac\u00edfico para todos los habitantes del departamento<\/div>\n<\/div>\n<div class=\"x14z9mp xat24cr x1lziwak x1vvkbs xtlvy1s x126k92a\">\n<div dir=\"auto\" style=\"text-align: justify;\">El convenio es un paso importante hacia la consolidaci\u00f3n de la paz y la seguridad en Alta Verapaz, y refleja el compromiso de la Gobernaci\u00f3n Departamental y el Tercer Viceministerio de Gobernaci\u00f3n para trabajar juntos en la prevenci\u00f3n de la violencia y la promoci\u00f3n de la convivencia pac\u00edfica el di\u00e1logo efectivo para el pueblo digno de Alta Verapaz.<\/div>\n<\/div>\n<p>&nbsp;<\/p>\n<p>&nbsp;<\/p>\n<p><img decoding=\"async\" loading=\"lazy\" class=\"alignnone size-full wp-image-23838\" src=\"https:\/\/gobernacionaltaverapaz.gob.gt\/wp-content\/uploads\/2025\/11\/02-80.gif\" alt=\"\" width=\"900\" height=\"600\" \/><\/p>\n","protected":false},"excerpt":{"rendered":"<p>La Lcda. Dilia Margarita C\u00f3 Coy, Gobernadora Departamental de Alta Verapaz, firm\u00f3 un convenio con el Tercer Vice-ministerio de Gobernaci\u00f3n para la Prevenci\u00f3n Departamental de la Violencia (PREVETREN), con el objetivo de fomentar la seguridad ciudadana y la convivencia pac\u00edfica en el departamento. Este convenio busca implementar estrategias que fortalezcan la participaci\u00f3n ciudadana en la [&hellip;]<\/p>\n","protected":false},"author":1,"featured_media":23839,"comment_status":"closed","ping_status":"open","sticky":false,"template":"","format":"gallery","meta":[],"categories":[183],"tags":[178],"_links":{"self":[{"href":"https:\/\/gobernacionaltaverapaz.gob.gt\/index.php?rest_route=\/wp\/v2\/posts\/23837"}],"collection":[{"href":"https:\/\/gobernacionaltaverapaz.gob.gt\/index.php?rest_route=\/wp\/v2\/posts"}],"about":[{"href":"https:\/\/gobernacionaltaverapaz.gob.gt\/index.php?rest_route=\/wp\/v2\/types\/post"}],"author":[{"embeddable":true,"href":"https:\/\/gobernacionaltaverapaz.gob.gt\/index.php?rest_route=\/wp\/v2\/users\/1"}],"replies":[{"embeddable":true,"href":"https:\/\/gobernacionaltaverapaz.gob.gt\/index.php?rest_route=%2Fwp%2Fv2%2Fcomments&post=23837"}],"version-history":[{"count":1,"href":"https:\/\/gobernacionaltaverapaz.gob.gt\/index.php?rest_route=\/wp\/v2\/posts\/23837\/revisions"}],"predecessor-version":[{"id":23840,"href":"https:\/\/gobernacionaltaverapaz.gob.gt\/index.php?rest_route=\/wp\/v2\/posts\/23837\/revisions\/23840"}],"wp:featuredmedia":[{"embeddable":true,"href":"https:\/\/gobernacionaltaverapaz.gob.gt\/index.php?rest_route=\/wp\/v2\/media\/23839"}],"wp:attachment":[{"href":"https:\/\/gobernacionaltaverapaz.gob.gt\/index.php?rest_route=%2Fwp%2Fv2%2Fmedia&parent=23837"}],"wp:term":[{"taxonomy":"category","embeddable":true,"href":"https:\/\/gobernacionaltaverapaz.gob.gt\/index.php?rest_route=%2Fwp%2Fv2%2Fcategories&post=23837"},{"taxonomy":"post_tag","embeddable":true,"href":"https:\/\/gobernacionaltaverapaz.gob.gt\/index.php?rest_route=%2Fwp%2Fv2%2Ftags&post=23837"}],"curies":[{"name":"wp","href":"https:\/\/api.w.org\/{rel}","templated":true}]}}