{"id":23855,"date":"2025-11-10T19:39:38","date_gmt":"2025-11-11T01:39:38","guid":{"rendered":"https:\/\/gobernacionaltaverapaz.gob.gt\/?p=23855"},"modified":"2025-11-11T09:43:00","modified_gmt":"2025-11-11T15:43:00","slug":"fortaleciendo-el-liderazgo-de-las-mujeres-en-alta-verapaz","status":"publish","type":"post","link":"https:\/\/gobernacionaltaverapaz.gob.gt\/?p=23855","title":{"rendered":"Fortaleciendo el liderazgo de las mujeres en Alta Verapaz"},"content":{"rendered":"<div class=\"x14z9mp xat24cr x1lziwak x1vvkbs xtlvy1s x126k92a\">\n<div dir=\"auto\" style=\"text-align: justify;\">La Gobernadora Departamental, Dilia Margarita C\u00f3 Coy, acompa\u00f1\u00f3 el proceso de formaci\u00f3n dirigido a lideresas y organizaciones de mujeres, reafirmando su compromiso de fortalecer la participaci\u00f3n femenina en los espacios de toma de decisiones del Sistema de Consejos de Desarrollo.<\/div>\n<\/div>\n<div class=\"x14z9mp xat24cr x1lziwak x1vvkbs xtlvy1s x126k92a\" style=\"text-align: justify;\">\n<div dir=\"auto\">Los talleres fueron desarrollados por la Secretar\u00eda Presidencial de la Mujer \u2014SEPREM\u2014, con el objetivo de fortalecer las capacidades de incidencia de mujeres mayas, gar\u00edfunas, afrodescendientes, xinkas y mestizas en el nivel comunitario, municipal y departamental.<\/div>\n<\/div>\n<div class=\"x14z9mp xat24cr x1lziwak x1vvkbs xtlvy1s x126k92a\" style=\"text-align: justify;\">\n<div dir=\"auto\">Durante las jornadas, las participantes conocieron la base legal que sustenta su participaci\u00f3n, el funcionamiento del CODEDE, los mecanismos actualizados de elecci\u00f3n de representantes y las plataformas de transparencia que fortalecen la gesti\u00f3n p\u00fablica abierta.<\/div>\n<\/div>\n<div class=\"x14z9mp xat24cr x1lziwak x1vvkbs xtlvy1s x126k92a\">\n<div dir=\"auto\" style=\"text-align: justify;\">Como parte del compromiso del Gobierno de Guatemala de construir un Estado m\u00e1s inclusivo y democr\u00e1tico<\/div>\n<\/div>\n<p>&nbsp;<\/p>\n<p>&nbsp;<\/p>\n<p>&nbsp;<\/p>\n<div><\/div>\n","protected":false},"excerpt":{"rendered":"<p>La Gobernadora Departamental, Dilia Margarita C\u00f3 Coy, acompa\u00f1\u00f3 el proceso de formaci\u00f3n dirigido a lideresas y organizaciones de mujeres, reafirmando su compromiso de fortalecer la participaci\u00f3n femenina en los espacios de toma de decisiones del Sistema de Consejos de Desarrollo. Los talleres fueron desarrollados por la Secretar\u00eda Presidencial de la Mujer \u2014SEPREM\u2014, con el objetivo [&hellip;]<\/p>\n","protected":false},"author":1,"featured_media":23847,"comment_status":"closed","ping_status":"open","sticky":false,"template":"","format":"gallery","meta":[],"categories":[183],"tags":[178],"_links":{"self":[{"href":"https:\/\/gobernacionaltaverapaz.gob.gt\/index.php?rest_route=\/wp\/v2\/posts\/23855"}],"collection":[{"href":"https:\/\/gobernacionaltaverapaz.gob.gt\/index.php?rest_route=\/wp\/v2\/posts"}],"about":[{"href":"https:\/\/gobernacionaltaverapaz.gob.gt\/index.php?rest_route=\/wp\/v2\/types\/post"}],"author":[{"embeddable":true,"href":"https:\/\/gobernacionaltaverapaz.gob.gt\/index.php?rest_route=\/wp\/v2\/users\/1"}],"replies":[{"embeddable":true,"href":"https:\/\/gobernacionaltaverapaz.gob.gt\/index.php?rest_route=%2Fwp%2Fv2%2Fcomments&post=23855"}],"version-history":[{"count":1,"href":"https:\/\/gobernacionaltaverapaz.gob.gt\/index.php?rest_route=\/wp\/v2\/posts\/23855\/revisions"}],"predecessor-version":[{"id":23856,"href":"https:\/\/gobernacionaltaverapaz.gob.gt\/index.php?rest_route=\/wp\/v2\/posts\/23855\/revisions\/23856"}],"wp:featuredmedia":[{"embeddable":true,"href":"https:\/\/gobernacionaltaverapaz.gob.gt\/index.php?rest_route=\/wp\/v2\/media\/23847"}],"wp:attachment":[{"href":"https:\/\/gobernacionaltaverapaz.gob.gt\/index.php?rest_route=%2Fwp%2Fv2%2Fmedia&parent=23855"}],"wp:term":[{"taxonomy":"category","embeddable":true,"href":"https:\/\/gobernacionaltaverapaz.gob.gt\/index.php?rest_route=%2Fwp%2Fv2%2Fcategories&post=23855"},{"taxonomy":"post_tag","embeddable":true,"href":"https:\/\/gobernacionaltaverapaz.gob.gt\/index.php?rest_route=%2Fwp%2Fv2%2Ftags&post=23855"}],"curies":[{"name":"wp","href":"https:\/\/api.w.org\/{rel}","templated":true}]}}