{"id":23872,"date":"2025-11-11T15:34:46","date_gmt":"2025-11-11T21:34:46","guid":{"rendered":"https:\/\/gobernacionaltaverapaz.gob.gt\/?p=23872"},"modified":"2025-11-24T14:58:32","modified_gmt":"2025-11-24T20:58:32","slug":"proyecto-perspectivas-impulsa-nuevas-oportunidades-para-la-juventud-y-personas-retornadas","status":"publish","type":"post","link":"https:\/\/gobernacionaltaverapaz.gob.gt\/?p=23872","title":{"rendered":"Proyecto PERSPECTIVAS impulsa nuevas oportunidades para la juventud y personas retornadas"},"content":{"rendered":"<div class=\"x14z9mp xat24cr x1lziwak x1vvkbs xtlvy1s x126k92a\">\n<div dir=\"auto\" style=\"text-align: justify;\">El proyecto PERSPECTIVAS, financiado por la Cooperaci\u00f3n Alemana \u2013 KfW y coordinado por SISCA y <span class=\"html-span xdj266r x14z9mp xat24cr x1lziwak xexx8yu xyri2b x18d9i69 x1c1uobl x1hl2dhg x16tdsg8 x1vvkbs\"><a class=\"x1i10hfl xjbqb8w x1ejq31n x18oe1m7 x1sy0etr xstzfhl x972fbf x10w94by x1qhh985 x14e42zd x9f619 x1ypdohk xt0psk2 x3ct3a4 xdj266r x14z9mp xat24cr x1lziwak xexx8yu xyri2b x18d9i69 x1c1uobl x16tdsg8 x1hl2dhg xggy1nq x1a2a7pz xkrqix3 x1sur9pj x1fey0fg x1s688f\" tabindex=\"0\" role=\"link\" href=\"https:\/\/www.facebook.com\/SwisscontactGuatemala?__cft__[0]=AZWH8KXhlgTEFDB3kmbGpoAD8CzCuxBv_r9wFy1vT91PnLUf84J5bszAoaVGtCizP77prWelNf3EBY6SIBM720MLLdIl9qMcouvaIF_HI62Ssb5Bjz9KIQfapT_q7Lcwe7eTywbo5QaasGooORthC93knK1r9YYGGknhGQk2OimkFTc46nioAEj26yyuuGTMDFM&amp;__tn__=-]K-R\"><span class=\"xt0psk2\"><span class=\"xjp7ctv\">Swisscontact en Guatemala<\/span><\/span><\/a><\/span>, fortalece las capacidades laborales y genera oportunidades de empleo para j\u00f3venes y personas retornadas en Cob\u00e1n y Alta Verapaz.<\/div>\n<\/div>\n<div class=\"x14z9mp xat24cr x1lziwak x1vvkbs xtlvy1s x126k92a\" style=\"text-align: justify;\">\n<div dir=\"auto\">En este esfuerzo participan la Municipalidad de Cob\u00e1n, aliados de cooperaci\u00f3n internacional y actores comunitarios comprometidos con el desarrollo territorial y la inserci\u00f3n laboral.<\/div>\n<\/div>\n<div class=\"x14z9mp xat24cr x1lziwak x1vvkbs xtlvy1s x126k92a\" style=\"text-align: justify;\">\n<div dir=\"auto\">La Gobernadora Departamental de Alta Verapaz, Dilia Margarita C\u00f3 Coy, acompa\u00f1\u00f3 la firma del convenio entre la Municipalidad de Cob\u00e1n y el proyecto PERSPECTIVAS, reafirmando el compromiso del Ejecutivo con iniciativas que abren puertas, crean oportunidades y acercan el desarrollo a las comunidades.<\/div>\n<\/div>\n<p style=\"text-align: justify;\">\n<p>&nbsp;<\/p>\n<div><\/div>\n","protected":false},"excerpt":{"rendered":"<p>El proyecto PERSPECTIVAS, financiado por la Cooperaci\u00f3n Alemana \u2013 KfW y coordinado por SISCA y Swisscontact en Guatemala, fortalece las capacidades laborales y genera oportunidades de empleo para j\u00f3venes y personas retornadas en Cob\u00e1n y Alta Verapaz. En este esfuerzo participan la Municipalidad de Cob\u00e1n, aliados de cooperaci\u00f3n internacional y actores comunitarios comprometidos con el [&hellip;]<\/p>\n","protected":false},"author":1,"featured_media":23864,"comment_status":"closed","ping_status":"open","sticky":false,"template":"","format":"gallery","meta":[],"categories":[183],"tags":[178],"_links":{"self":[{"href":"https:\/\/gobernacionaltaverapaz.gob.gt\/index.php?rest_route=\/wp\/v2\/posts\/23872"}],"collection":[{"href":"https:\/\/gobernacionaltaverapaz.gob.gt\/index.php?rest_route=\/wp\/v2\/posts"}],"about":[{"href":"https:\/\/gobernacionaltaverapaz.gob.gt\/index.php?rest_route=\/wp\/v2\/types\/post"}],"author":[{"embeddable":true,"href":"https:\/\/gobernacionaltaverapaz.gob.gt\/index.php?rest_route=\/wp\/v2\/users\/1"}],"replies":[{"embeddable":true,"href":"https:\/\/gobernacionaltaverapaz.gob.gt\/index.php?rest_route=%2Fwp%2Fv2%2Fcomments&post=23872"}],"version-history":[{"count":1,"href":"https:\/\/gobernacionaltaverapaz.gob.gt\/index.php?rest_route=\/wp\/v2\/posts\/23872\/revisions"}],"predecessor-version":[{"id":23873,"href":"https:\/\/gobernacionaltaverapaz.gob.gt\/index.php?rest_route=\/wp\/v2\/posts\/23872\/revisions\/23873"}],"wp:featuredmedia":[{"embeddable":true,"href":"https:\/\/gobernacionaltaverapaz.gob.gt\/index.php?rest_route=\/wp\/v2\/media\/23864"}],"wp:attachment":[{"href":"https:\/\/gobernacionaltaverapaz.gob.gt\/index.php?rest_route=%2Fwp%2Fv2%2Fmedia&parent=23872"}],"wp:term":[{"taxonomy":"category","embeddable":true,"href":"https:\/\/gobernacionaltaverapaz.gob.gt\/index.php?rest_route=%2Fwp%2Fv2%2Fcategories&post=23872"},{"taxonomy":"post_tag","embeddable":true,"href":"https:\/\/gobernacionaltaverapaz.gob.gt\/index.php?rest_route=%2Fwp%2Fv2%2Ftags&post=23872"}],"curies":[{"name":"wp","href":"https:\/\/api.w.org\/{rel}","templated":true}]}}