{"id":23877,"date":"2025-11-12T20:48:56","date_gmt":"2025-11-13T02:48:56","guid":{"rendered":"https:\/\/gobernacionaltaverapaz.gob.gt\/?p=23877"},"modified":"2025-11-24T15:17:45","modified_gmt":"2025-11-24T21:17:45","slug":"avanzan-los-preparativos-para-la-nueva-sala-de-espera-en-el-aerodromo-de-coban","status":"publish","type":"post","link":"https:\/\/gobernacionaltaverapaz.gob.gt\/?p=23877","title":{"rendered":"Avanzan los preparativos para la nueva sala de espera en el Aer\u00f3dromo de Cob\u00e1n"},"content":{"rendered":"<div class=\"x14z9mp xat24cr x1lziwak x1vvkbs xtlvy1s x126k92a\">\n<div dir=\"auto\" style=\"text-align: justify;\">Hoy, personal contratado por INGUAT realiz\u00f3 un estudio de suelos en el terreno donde se construir\u00e1 la nueva sala de espera del Aer\u00f3dromo de Cob\u00e1n.<\/div>\n<\/div>\n<div class=\"x14z9mp xat24cr x1lziwak x1vvkbs xtlvy1s x126k92a\" style=\"text-align: justify;\">\n<div dir=\"auto\">Este paso marca el inicio de una mejora significativa que busca brindar mayor comodidad y una mejor experiencia a los usuarios de esta terminal a\u00e9rea.<\/div>\n<\/div>\n<div class=\"x14z9mp xat24cr x1lziwak x1vvkbs xtlvy1s x126k92a\">\n<div dir=\"auto\" style=\"text-align: justify;\">La Direcci\u00f3n General de Aeron\u00e1utica Civil reafirma su compromiso de seguir impulsando proyectos que fortalezcan la infraestructura aeroportuaria en todo el pa\u00eds.<\/div>\n<\/div>\n<p>&nbsp;<\/p>\n<p>&nbsp;<\/p>\n<div><\/div>\n","protected":false},"excerpt":{"rendered":"<p>Hoy, personal contratado por INGUAT realiz\u00f3 un estudio de suelos en el terreno donde se construir\u00e1 la nueva sala de espera del Aer\u00f3dromo de Cob\u00e1n. Este paso marca el inicio de una mejora significativa que busca brindar mayor comodidad y una mejor experiencia a los usuarios de esta terminal a\u00e9rea. La Direcci\u00f3n General de Aeron\u00e1utica [&hellip;]<\/p>\n","protected":false},"author":1,"featured_media":23874,"comment_status":"closed","ping_status":"open","sticky":false,"template":"","format":"gallery","meta":[],"categories":[201],"tags":[178],"_links":{"self":[{"href":"https:\/\/gobernacionaltaverapaz.gob.gt\/index.php?rest_route=\/wp\/v2\/posts\/23877"}],"collection":[{"href":"https:\/\/gobernacionaltaverapaz.gob.gt\/index.php?rest_route=\/wp\/v2\/posts"}],"about":[{"href":"https:\/\/gobernacionaltaverapaz.gob.gt\/index.php?rest_route=\/wp\/v2\/types\/post"}],"author":[{"embeddable":true,"href":"https:\/\/gobernacionaltaverapaz.gob.gt\/index.php?rest_route=\/wp\/v2\/users\/1"}],"replies":[{"embeddable":true,"href":"https:\/\/gobernacionaltaverapaz.gob.gt\/index.php?rest_route=%2Fwp%2Fv2%2Fcomments&post=23877"}],"version-history":[{"count":1,"href":"https:\/\/gobernacionaltaverapaz.gob.gt\/index.php?rest_route=\/wp\/v2\/posts\/23877\/revisions"}],"predecessor-version":[{"id":23878,"href":"https:\/\/gobernacionaltaverapaz.gob.gt\/index.php?rest_route=\/wp\/v2\/posts\/23877\/revisions\/23878"}],"wp:featuredmedia":[{"embeddable":true,"href":"https:\/\/gobernacionaltaverapaz.gob.gt\/index.php?rest_route=\/wp\/v2\/media\/23874"}],"wp:attachment":[{"href":"https:\/\/gobernacionaltaverapaz.gob.gt\/index.php?rest_route=%2Fwp%2Fv2%2Fmedia&parent=23877"}],"wp:term":[{"taxonomy":"category","embeddable":true,"href":"https:\/\/gobernacionaltaverapaz.gob.gt\/index.php?rest_route=%2Fwp%2Fv2%2Fcategories&post=23877"},{"taxonomy":"post_tag","embeddable":true,"href":"https:\/\/gobernacionaltaverapaz.gob.gt\/index.php?rest_route=%2Fwp%2Fv2%2Ftags&post=23877"}],"curies":[{"name":"wp","href":"https:\/\/api.w.org\/{rel}","templated":true}]}}