{"id":23885,"date":"2025-11-13T12:36:55","date_gmt":"2025-11-13T18:36:55","guid":{"rendered":"https:\/\/gobernacionaltaverapaz.gob.gt\/?p=23885"},"modified":"2025-11-24T15:26:46","modified_gmt":"2025-11-24T21:26:46","slug":"incorporacion-al-programa-de-aporte-economico-del-adulto-mayor","status":"publish","type":"post","link":"https:\/\/gobernacionaltaverapaz.gob.gt\/?p=23885","title":{"rendered":"Incorporaci\u00f3n al Programa de Aporte Econ\u00f3mico del Adulto Mayor"},"content":{"rendered":"<div class=\"x14z9mp xat24cr x1lziwak x1vvkbs xtlvy1s x126k92a\">\n<div dir=\"auto\" style=\"text-align: justify;\">525 personas mayores del municipio de <span class=\"html-span xdj266r x14z9mp xat24cr x1lziwak xexx8yu xyri2b x18d9i69 x1c1uobl x1hl2dhg x16tdsg8 x1vvkbs\"><a class=\"x1i10hfl xjbqb8w x1ejq31n x18oe1m7 x1sy0etr xstzfhl x972fbf x10w94by x1qhh985 x14e42zd x9f619 x1ypdohk xt0psk2 x3ct3a4 xdj266r x14z9mp xat24cr x1lziwak xexx8yu xyri2b x18d9i69 x1c1uobl x16tdsg8 x1hl2dhg xggy1nq x1a2a7pz xkrqix3 x1sur9pj x1fey0fg x1s688f\" tabindex=\"0\" role=\"link\" href=\"https:\/\/www.facebook.com\/hashtag\/sanpedrocarch%C3%A1?__eep__=6&amp;__cft__[0]=AZV_CnfkdwFTrCRSxC1nNiBwgXsiGf2a4lHwv_rovJDnKSrY0dj97TQI8i9ZeIrbOuB3kbNoZ-oB6NrlDMb8XqKuF-x-hfIotzN22MMcpV9cJccFR-cPJQF9K9piOrOHj0QTnfy8mFdjpe3x3TP36dhG8jifv71FN0-jQn9geOMuSiYuCCz2XddjqUMK-CMcH_bzk6BPp1ihy7nneDiSLzZY2GcSm4Yf5dHvxULNJBG-UQ&amp;__tn__=*NK-y-R\">#SanPedroCarch\u00e1<\/a><\/span> fueron notificadas sobre su incorporaci\u00f3n al Programa de Aporte Econ\u00f3mico del Adulto Mayor -PAM-.<\/div>\n<\/div>\n<div class=\"x14z9mp xat24cr x1lziwak x1vvkbs xtlvy1s x126k92a\" style=\"text-align: justify;\">\n<div dir=\"auto\">\u00a0El PAM tiene como objetivo mejorar la calidad de vida de las personas mayores de 65 a\u00f1os en situaci\u00f3n de pobreza extrema y vulnerabilidad.<\/div>\n<\/div>\n<div class=\"x14z9mp xat24cr x1lziwak x1vvkbs xtlvy1s x126k92a\" style=\"text-align: justify;\">\n<div dir=\"auto\">\u00a0IMPORTANTE: Todos nuestros programas y servicios son GRATUITOS<\/div>\n<\/div>\n<p>&nbsp;<\/p>\n<div><\/div>\n","protected":false},"excerpt":{"rendered":"<p>525 personas mayores del municipio de #SanPedroCarch\u00e1 fueron notificadas sobre su incorporaci\u00f3n al Programa de Aporte Econ\u00f3mico del Adulto Mayor -PAM-. \u00a0El PAM tiene como objetivo mejorar la calidad de vida de las personas mayores de 65 a\u00f1os en situaci\u00f3n de pobreza extrema y vulnerabilidad. \u00a0IMPORTANTE: Todos nuestros programas y servicios son GRATUITOS &nbsp;<\/p>\n","protected":false},"author":1,"featured_media":23879,"comment_status":"closed","ping_status":"open","sticky":false,"template":"","format":"gallery","meta":[],"categories":[183],"tags":[178],"_links":{"self":[{"href":"https:\/\/gobernacionaltaverapaz.gob.gt\/index.php?rest_route=\/wp\/v2\/posts\/23885"}],"collection":[{"href":"https:\/\/gobernacionaltaverapaz.gob.gt\/index.php?rest_route=\/wp\/v2\/posts"}],"about":[{"href":"https:\/\/gobernacionaltaverapaz.gob.gt\/index.php?rest_route=\/wp\/v2\/types\/post"}],"author":[{"embeddable":true,"href":"https:\/\/gobernacionaltaverapaz.gob.gt\/index.php?rest_route=\/wp\/v2\/users\/1"}],"replies":[{"embeddable":true,"href":"https:\/\/gobernacionaltaverapaz.gob.gt\/index.php?rest_route=%2Fwp%2Fv2%2Fcomments&post=23885"}],"version-history":[{"count":1,"href":"https:\/\/gobernacionaltaverapaz.gob.gt\/index.php?rest_route=\/wp\/v2\/posts\/23885\/revisions"}],"predecessor-version":[{"id":23886,"href":"https:\/\/gobernacionaltaverapaz.gob.gt\/index.php?rest_route=\/wp\/v2\/posts\/23885\/revisions\/23886"}],"wp:featuredmedia":[{"embeddable":true,"href":"https:\/\/gobernacionaltaverapaz.gob.gt\/index.php?rest_route=\/wp\/v2\/media\/23879"}],"wp:attachment":[{"href":"https:\/\/gobernacionaltaverapaz.gob.gt\/index.php?rest_route=%2Fwp%2Fv2%2Fmedia&parent=23885"}],"wp:term":[{"taxonomy":"category","embeddable":true,"href":"https:\/\/gobernacionaltaverapaz.gob.gt\/index.php?rest_route=%2Fwp%2Fv2%2Fcategories&post=23885"},{"taxonomy":"post_tag","embeddable":true,"href":"https:\/\/gobernacionaltaverapaz.gob.gt\/index.php?rest_route=%2Fwp%2Fv2%2Ftags&post=23885"}],"curies":[{"name":"wp","href":"https:\/\/api.w.org\/{rel}","templated":true}]}}