{"id":23900,"date":"2025-11-17T08:17:56","date_gmt":"2025-11-17T14:17:56","guid":{"rendered":"https:\/\/gobernacionaltaverapaz.gob.gt\/?p=23900"},"modified":"2025-11-24T15:44:28","modified_gmt":"2025-11-24T21:44:28","slug":"inauguracion-del-mural-conmemorativo-del-dia-internacional-de-la-eliminacion-de-la-violencia-contra-la-mujer-en-tactic","status":"publish","type":"post","link":"https:\/\/gobernacionaltaverapaz.gob.gt\/?p=23900","title":{"rendered":"Inauguraci\u00f3n del mural conmemorativo del D\u00eda Internacional de la Eliminaci\u00f3n de la Violencia contra la Mujer en Tactic"},"content":{"rendered":"<div class=\"xdj266r x14z9mp xat24cr x1lziwak x1vvkbs x126k92a\">\n<div dir=\"auto\" style=\"text-align: justify;\">El d\u00eda viernes 14 de Noviembre, en la inauguraci\u00f3n del mural conmemorativo del D\u00eda Internacional de la Eliminaci\u00f3n de la Violencia contra la Mujer en Tactic, Alta Verapaz.<\/div>\n<\/div>\n<div class=\"x14z9mp xat24cr x1lziwak x1vvkbs xtlvy1s x126k92a\" style=\"text-align: justify;\">\n<div dir=\"auto\">La Gobernadora Departamental, Dilia Margarita C\u00f3 Coy, acompa\u00f1\u00f3 esta actividad coordinada por UPCV y la Asociaci\u00f3n B\u2019atz, que fortalece la prevenci\u00f3n de la violencia y visibiliza el aporte de las mujeres tejedoras del territorio<\/div>\n<\/div>\n<div class=\"x14z9mp xat24cr x1lziwak x1vvkbs xtlvy1s x126k92a\">\n<div dir=\"auto\" style=\"text-align: justify;\">Desde la Gobernaci\u00f3n Departamental reafirmamos nuestro compromiso de impulsar acciones que garanticen sus derechos y fortalezcan su participaci\u00f3n.<\/div>\n<\/div>\n<p>&nbsp;<\/p>\n<div><\/div>\n","protected":false},"excerpt":{"rendered":"<p>El d\u00eda viernes 14 de Noviembre, en la inauguraci\u00f3n del mural conmemorativo del D\u00eda Internacional de la Eliminaci\u00f3n de la Violencia contra la Mujer en Tactic, Alta Verapaz. La Gobernadora Departamental, Dilia Margarita C\u00f3 Coy, acompa\u00f1\u00f3 esta actividad coordinada por UPCV y la Asociaci\u00f3n B\u2019atz, que fortalece la prevenci\u00f3n de la violencia y visibiliza el [&hellip;]<\/p>\n","protected":false},"author":1,"featured_media":23894,"comment_status":"closed","ping_status":"open","sticky":false,"template":"","format":"gallery","meta":[],"categories":[183],"tags":[178],"_links":{"self":[{"href":"https:\/\/gobernacionaltaverapaz.gob.gt\/index.php?rest_route=\/wp\/v2\/posts\/23900"}],"collection":[{"href":"https:\/\/gobernacionaltaverapaz.gob.gt\/index.php?rest_route=\/wp\/v2\/posts"}],"about":[{"href":"https:\/\/gobernacionaltaverapaz.gob.gt\/index.php?rest_route=\/wp\/v2\/types\/post"}],"author":[{"embeddable":true,"href":"https:\/\/gobernacionaltaverapaz.gob.gt\/index.php?rest_route=\/wp\/v2\/users\/1"}],"replies":[{"embeddable":true,"href":"https:\/\/gobernacionaltaverapaz.gob.gt\/index.php?rest_route=%2Fwp%2Fv2%2Fcomments&post=23900"}],"version-history":[{"count":1,"href":"https:\/\/gobernacionaltaverapaz.gob.gt\/index.php?rest_route=\/wp\/v2\/posts\/23900\/revisions"}],"predecessor-version":[{"id":23901,"href":"https:\/\/gobernacionaltaverapaz.gob.gt\/index.php?rest_route=\/wp\/v2\/posts\/23900\/revisions\/23901"}],"wp:featuredmedia":[{"embeddable":true,"href":"https:\/\/gobernacionaltaverapaz.gob.gt\/index.php?rest_route=\/wp\/v2\/media\/23894"}],"wp:attachment":[{"href":"https:\/\/gobernacionaltaverapaz.gob.gt\/index.php?rest_route=%2Fwp%2Fv2%2Fmedia&parent=23900"}],"wp:term":[{"taxonomy":"category","embeddable":true,"href":"https:\/\/gobernacionaltaverapaz.gob.gt\/index.php?rest_route=%2Fwp%2Fv2%2Fcategories&post=23900"},{"taxonomy":"post_tag","embeddable":true,"href":"https:\/\/gobernacionaltaverapaz.gob.gt\/index.php?rest_route=%2Fwp%2Fv2%2Ftags&post=23900"}],"curies":[{"name":"wp","href":"https:\/\/api.w.org\/{rel}","templated":true}]}}