{"id":23917,"date":"2025-11-17T16:42:25","date_gmt":"2025-11-17T22:42:25","guid":{"rendered":"https:\/\/gobernacionaltaverapaz.gob.gt\/?p=23917"},"modified":"2025-11-24T15:54:35","modified_gmt":"2025-11-24T21:54:35","slug":"mesa-interinstitucional-impulsa-participacion-segura-de-las-mujeres-en-alta-verapaz","status":"publish","type":"post","link":"https:\/\/gobernacionaltaverapaz.gob.gt\/?p=23917","title":{"rendered":"Mesa Interinstitucional impulsa participaci\u00f3n segura de las mujeres en Alta Verapaz"},"content":{"rendered":"<div class=\"x14z9mp xat24cr x1lziwak x1vvkbs xtlvy1s x126k92a\">\n<div dir=\"auto\" style=\"text-align: justify;\">Gobernaci\u00f3n Departamental de Alta Verapaz particip\u00f3 hoy en la Mesa de Coordinaci\u00f3n Interinstitucional para fortalecer la participaci\u00f3n respetuosa, segura e incluyente de las mujeres en los espacios de toma de decisi\u00f3n del territorio.<\/div>\n<\/div>\n<div class=\"x14z9mp xat24cr x1lziwak x1vvkbs xtlvy1s x126k92a\" style=\"text-align: justify;\">\n<div dir=\"auto\">Junto a SEPREM, SCEP, SEGEPLAN, INAP, MIDES, DEMI, UPCV y organizaciones de mujeres, se avanz\u00f3 en acciones para prevenir la violencia pol\u00edtica, actualizar las pol\u00edticas p\u00fablicas de desarrollo de las mujeres y promover su representaci\u00f3n efectiva en el Sistema de Consejos de Desarrollo.<\/div>\n<\/div>\n<div class=\"x14z9mp xat24cr x1lziwak x1vvkbs xtlvy1s x126k92a\" style=\"text-align: justify;\">\n<div dir=\"auto\">Reafirmamos nuestro compromiso con una gobernanza incluyente, donde las mujeres, especialmente las mujeres ind\u00edgenas rurales, puedan ejercer liderazgo con libertad y seguridad.<\/div>\n<\/div>\n<div class=\"x14z9mp xat24cr x1lziwak x1vvkbs xtlvy1s x126k92a\">\n<div dir=\"auto\" style=\"text-align: justify;\">En Alta Verapaz, la democracia crece cuando la voz de las mujeres tiene presencia y poder.<\/div>\n<\/div>\n<p>&nbsp;<\/p>\n<p>&nbsp;<\/p>\n<div><\/div>\n","protected":false},"excerpt":{"rendered":"<p>Gobernaci\u00f3n Departamental de Alta Verapaz particip\u00f3 hoy en la Mesa de Coordinaci\u00f3n Interinstitucional para fortalecer la participaci\u00f3n respetuosa, segura e incluyente de las mujeres en los espacios de toma de decisi\u00f3n del territorio. Junto a SEPREM, SCEP, SEGEPLAN, INAP, MIDES, DEMI, UPCV y organizaciones de mujeres, se avanz\u00f3 en acciones para prevenir la violencia pol\u00edtica, [&hellip;]<\/p>\n","protected":false},"author":1,"featured_media":23908,"comment_status":"closed","ping_status":"open","sticky":false,"template":"","format":"gallery","meta":[],"categories":[183],"tags":[178],"_links":{"self":[{"href":"https:\/\/gobernacionaltaverapaz.gob.gt\/index.php?rest_route=\/wp\/v2\/posts\/23917"}],"collection":[{"href":"https:\/\/gobernacionaltaverapaz.gob.gt\/index.php?rest_route=\/wp\/v2\/posts"}],"about":[{"href":"https:\/\/gobernacionaltaverapaz.gob.gt\/index.php?rest_route=\/wp\/v2\/types\/post"}],"author":[{"embeddable":true,"href":"https:\/\/gobernacionaltaverapaz.gob.gt\/index.php?rest_route=\/wp\/v2\/users\/1"}],"replies":[{"embeddable":true,"href":"https:\/\/gobernacionaltaverapaz.gob.gt\/index.php?rest_route=%2Fwp%2Fv2%2Fcomments&post=23917"}],"version-history":[{"count":1,"href":"https:\/\/gobernacionaltaverapaz.gob.gt\/index.php?rest_route=\/wp\/v2\/posts\/23917\/revisions"}],"predecessor-version":[{"id":23918,"href":"https:\/\/gobernacionaltaverapaz.gob.gt\/index.php?rest_route=\/wp\/v2\/posts\/23917\/revisions\/23918"}],"wp:featuredmedia":[{"embeddable":true,"href":"https:\/\/gobernacionaltaverapaz.gob.gt\/index.php?rest_route=\/wp\/v2\/media\/23908"}],"wp:attachment":[{"href":"https:\/\/gobernacionaltaverapaz.gob.gt\/index.php?rest_route=%2Fwp%2Fv2%2Fmedia&parent=23917"}],"wp:term":[{"taxonomy":"category","embeddable":true,"href":"https:\/\/gobernacionaltaverapaz.gob.gt\/index.php?rest_route=%2Fwp%2Fv2%2Fcategories&post=23917"},{"taxonomy":"post_tag","embeddable":true,"href":"https:\/\/gobernacionaltaverapaz.gob.gt\/index.php?rest_route=%2Fwp%2Fv2%2Ftags&post=23917"}],"curies":[{"name":"wp","href":"https:\/\/api.w.org\/{rel}","templated":true}]}}