{"id":23924,"date":"2025-11-19T16:57:59","date_gmt":"2025-11-19T22:57:59","guid":{"rendered":"https:\/\/gobernacionaltaverapaz.gob.gt\/?p=23924"},"modified":"2025-11-24T15:59:19","modified_gmt":"2025-11-24T21:59:19","slug":"primer-encuentro-de-servidores-civicos-sociales-del-departamento","status":"publish","type":"post","link":"https:\/\/gobernacionaltaverapaz.gob.gt\/?p=23924","title":{"rendered":"Primer Encuentro de Servidores C\u00edvicos Sociales del departamento"},"content":{"rendered":"<div class=\"xdj266r x14z9mp xat24cr x1lziwak x1vvkbs x126k92a\">\n<div dir=\"auto\" style=\"text-align: justify;\">La Gobernaci\u00f3n Departamental de Alta Verapaz, en coordinaci\u00f3n con la Mesa T\u00e9cnica por las Juventudes, impulsa el Primer Encuentro de Servidores C\u00edvicos Sociales del departamento, un espacio dedicado a reconocer el aporte de las y los j\u00f3venes que culminaron su servicio c\u00edvico social durante este a\u00f1o.<\/div>\n<\/div>\n<div class=\"x14z9mp xat24cr x1lziwak x1vvkbs xtlvy1s x126k92a\">\n<div dir=\"auto\" style=\"text-align: justify;\">Este encuentro fortalece la participaci\u00f3n juvenil, valora el compromiso de quienes han servido a sus comunidades y motiva a que m\u00e1s j\u00f3venes se integren a esta experiencia formativa para el pr\u00f3ximo ciclo. Reafirmamos la importancia de promover oportunidades y construir un pa\u00eds donde la juventud sea protagonista del desarrollo.<\/div>\n<\/div>\n<p>&nbsp;<\/p>\n<div><\/div>\n","protected":false},"excerpt":{"rendered":"<p>La Gobernaci\u00f3n Departamental de Alta Verapaz, en coordinaci\u00f3n con la Mesa T\u00e9cnica por las Juventudes, impulsa el Primer Encuentro de Servidores C\u00edvicos Sociales del departamento, un espacio dedicado a reconocer el aporte de las y los j\u00f3venes que culminaron su servicio c\u00edvico social durante este a\u00f1o. Este encuentro fortalece la participaci\u00f3n juvenil, valora el compromiso [&hellip;]<\/p>\n","protected":false},"author":1,"featured_media":23919,"comment_status":"closed","ping_status":"open","sticky":false,"template":"","format":"gallery","meta":[],"categories":[183],"tags":[178],"_links":{"self":[{"href":"https:\/\/gobernacionaltaverapaz.gob.gt\/index.php?rest_route=\/wp\/v2\/posts\/23924"}],"collection":[{"href":"https:\/\/gobernacionaltaverapaz.gob.gt\/index.php?rest_route=\/wp\/v2\/posts"}],"about":[{"href":"https:\/\/gobernacionaltaverapaz.gob.gt\/index.php?rest_route=\/wp\/v2\/types\/post"}],"author":[{"embeddable":true,"href":"https:\/\/gobernacionaltaverapaz.gob.gt\/index.php?rest_route=\/wp\/v2\/users\/1"}],"replies":[{"embeddable":true,"href":"https:\/\/gobernacionaltaverapaz.gob.gt\/index.php?rest_route=%2Fwp%2Fv2%2Fcomments&post=23924"}],"version-history":[{"count":1,"href":"https:\/\/gobernacionaltaverapaz.gob.gt\/index.php?rest_route=\/wp\/v2\/posts\/23924\/revisions"}],"predecessor-version":[{"id":23925,"href":"https:\/\/gobernacionaltaverapaz.gob.gt\/index.php?rest_route=\/wp\/v2\/posts\/23924\/revisions\/23925"}],"wp:featuredmedia":[{"embeddable":true,"href":"https:\/\/gobernacionaltaverapaz.gob.gt\/index.php?rest_route=\/wp\/v2\/media\/23919"}],"wp:attachment":[{"href":"https:\/\/gobernacionaltaverapaz.gob.gt\/index.php?rest_route=%2Fwp%2Fv2%2Fmedia&parent=23924"}],"wp:term":[{"taxonomy":"category","embeddable":true,"href":"https:\/\/gobernacionaltaverapaz.gob.gt\/index.php?rest_route=%2Fwp%2Fv2%2Fcategories&post=23924"},{"taxonomy":"post_tag","embeddable":true,"href":"https:\/\/gobernacionaltaverapaz.gob.gt\/index.php?rest_route=%2Fwp%2Fv2%2Ftags&post=23924"}],"curies":[{"name":"wp","href":"https:\/\/api.w.org\/{rel}","templated":true}]}}