{"id":23932,"date":"2025-11-19T17:00:42","date_gmt":"2025-11-19T23:00:42","guid":{"rendered":"https:\/\/gobernacionaltaverapaz.gob.gt\/?p=23932"},"modified":"2025-11-24T16:06:03","modified_gmt":"2025-11-24T22:06:03","slug":"inauguracion-de-la-nueva-escuela-preprimaria-de-la-aldea-chiyuc-en-san-cristobal-verapaz","status":"publish","type":"post","link":"https:\/\/gobernacionaltaverapaz.gob.gt\/?p=23932","title":{"rendered":"Inauguraci\u00f3n de la nueva Escuela Preprimaria de la Aldea Chiyuc, en San Crist\u00f3bal Verapaz"},"content":{"rendered":"<div class=\"xdj266r x14z9mp xat24cr x1lziwak x1vvkbs x126k92a\">\n<div dir=\"auto\" style=\"text-align: justify;\">La Gobernaci\u00f3n Departamental de Alta Verapaz acompa\u00f1\u00f3 la inauguraci\u00f3n de la nueva Escuela Preprimaria de la Aldea Chiyuc, en San Crist\u00f3bal Verapaz, un proyecto ejecutado con fondos del Consejo Departamental de Desarrollo \u2013 CODEDE.<\/div>\n<\/div>\n<div class=\"x14z9mp xat24cr x1lziwak x1vvkbs xtlvy1s x126k92a\">\n<div dir=\"auto\" style=\"text-align: justify;\">Este nuevo centro educativo brinda un espacio seguro, digno y adecuado para que las ni\u00f1as y ni\u00f1os inicien su formaci\u00f3n en mejores condiciones. El proyecto refleja el compromiso del Gobierno de Guatemala con fortalecer la infraestructura educativa y acercar el desarrollo a las comunidades del territorio.<\/div>\n<\/div>\n<p>&nbsp;<\/p>\n<div><\/div>\n","protected":false},"excerpt":{"rendered":"<p>La Gobernaci\u00f3n Departamental de Alta Verapaz acompa\u00f1\u00f3 la inauguraci\u00f3n de la nueva Escuela Preprimaria de la Aldea Chiyuc, en San Crist\u00f3bal Verapaz, un proyecto ejecutado con fondos del Consejo Departamental de Desarrollo \u2013 CODEDE. Este nuevo centro educativo brinda un espacio seguro, digno y adecuado para que las ni\u00f1as y ni\u00f1os inicien su formaci\u00f3n en [&hellip;]<\/p>\n","protected":false},"author":1,"featured_media":23926,"comment_status":"closed","ping_status":"open","sticky":false,"template":"","format":"gallery","meta":[],"categories":[2,195],"tags":[178],"_links":{"self":[{"href":"https:\/\/gobernacionaltaverapaz.gob.gt\/index.php?rest_route=\/wp\/v2\/posts\/23932"}],"collection":[{"href":"https:\/\/gobernacionaltaverapaz.gob.gt\/index.php?rest_route=\/wp\/v2\/posts"}],"about":[{"href":"https:\/\/gobernacionaltaverapaz.gob.gt\/index.php?rest_route=\/wp\/v2\/types\/post"}],"author":[{"embeddable":true,"href":"https:\/\/gobernacionaltaverapaz.gob.gt\/index.php?rest_route=\/wp\/v2\/users\/1"}],"replies":[{"embeddable":true,"href":"https:\/\/gobernacionaltaverapaz.gob.gt\/index.php?rest_route=%2Fwp%2Fv2%2Fcomments&post=23932"}],"version-history":[{"count":1,"href":"https:\/\/gobernacionaltaverapaz.gob.gt\/index.php?rest_route=\/wp\/v2\/posts\/23932\/revisions"}],"predecessor-version":[{"id":23933,"href":"https:\/\/gobernacionaltaverapaz.gob.gt\/index.php?rest_route=\/wp\/v2\/posts\/23932\/revisions\/23933"}],"wp:featuredmedia":[{"embeddable":true,"href":"https:\/\/gobernacionaltaverapaz.gob.gt\/index.php?rest_route=\/wp\/v2\/media\/23926"}],"wp:attachment":[{"href":"https:\/\/gobernacionaltaverapaz.gob.gt\/index.php?rest_route=%2Fwp%2Fv2%2Fmedia&parent=23932"}],"wp:term":[{"taxonomy":"category","embeddable":true,"href":"https:\/\/gobernacionaltaverapaz.gob.gt\/index.php?rest_route=%2Fwp%2Fv2%2Fcategories&post=23932"},{"taxonomy":"post_tag","embeddable":true,"href":"https:\/\/gobernacionaltaverapaz.gob.gt\/index.php?rest_route=%2Fwp%2Fv2%2Ftags&post=23932"}],"curies":[{"name":"wp","href":"https:\/\/api.w.org\/{rel}","templated":true}]}}