{"id":23950,"date":"2025-11-23T10:53:31","date_gmt":"2025-11-23T16:53:31","guid":{"rendered":"https:\/\/gobernacionaltaverapaz.gob.gt\/?p=23950"},"modified":"2025-11-24T16:13:05","modified_gmt":"2025-11-24T22:13:05","slug":"proyecto-de-sistema-de-alerta-temprana-y-manejo-de-desastres-en-guatemala","status":"publish","type":"post","link":"https:\/\/gobernacionaltaverapaz.gob.gt\/?p=23950","title":{"rendered":"Proyecto de Sistema de Alerta Temprana y Manejo de Desastres en Guatemala"},"content":{"rendered":"<p style=\"text-align: justify;\"><span class=\"html-span xdj266r x14z9mp xat24cr x1lziwak xexx8yu xyri2b x18d9i69 x1c1uobl x1hl2dhg x16tdsg8 x1vvkbs\"><a class=\"x1i10hfl xjbqb8w x1ejq31n x18oe1m7 x1sy0etr xstzfhl x972fbf x10w94by x1qhh985 x14e42zd x9f619 x1ypdohk xt0psk2 x3ct3a4 xdj266r x14z9mp xat24cr x1lziwak xexx8yu xyri2b x18d9i69 x1c1uobl x16tdsg8 x1hl2dhg xggy1nq x1a2a7pz xkrqix3 x1sur9pj x1fey0fg x1s688f\" tabindex=\"0\" role=\"link\" href=\"https:\/\/www.facebook.com\/hashtag\/altaverapaz?__eep__=6&amp;__cft__[0]=AZW-On08lQP8d4N8EiBpVgggO3D6p781yTM5eZHoqRpJ6L-uTzIFU-91EusdR1g-r8WwopaDfZ2bWaBk5EyABWQIIgnf0rCpk4NqRlfcow72QCYauyJcMmb8fo9zYyEWgI0Jxm0MYQXcsUhH9jWuXTFQjI8PWrO_MfJ518ITLP4_IZwtoQCGKKktZmo2ViBF1B7V_GZPqHWHBQg8NT8Vg4m0TK1Txjti7ZR8dUVrYTWFnw&amp;__tn__=*NK-y-R\">#AltaVerapaz<\/a><\/span> Como parte de las acciones del Proyecto de Sistema de Alerta Temprana y Manejo de Desastres en Guatemala impulsado por la <span class=\"html-span xdj266r x14z9mp xat24cr x1lziwak xexx8yu xyri2b x18d9i69 x1c1uobl x1hl2dhg x16tdsg8 x1vvkbs\"><a class=\"x1i10hfl xjbqb8w x1ejq31n x18oe1m7 x1sy0etr xstzfhl x972fbf x10w94by x1qhh985 x14e42zd x9f619 x1ypdohk xt0psk2 x3ct3a4 xdj266r x14z9mp xat24cr x1lziwak xexx8yu xyri2b x18d9i69 x1c1uobl x16tdsg8 x1hl2dhg xggy1nq x1a2a7pz xkrqix3 x1sur9pj x1fey0fg x1s688f\" tabindex=\"0\" role=\"link\" href=\"https:\/\/www.facebook.com\/mttguatemala?__cft__[0]=AZW-On08lQP8d4N8EiBpVgggO3D6p781yTM5eZHoqRpJ6L-uTzIFU-91EusdR1g-r8WwopaDfZ2bWaBk5EyABWQIIgnf0rCpk4NqRlfcow72QCYauyJcMmb8fo9zYyEWgI0Jxm0MYQXcsUhH9jWuXTFQjI8PWrO_MfJ518ITLP4_IZwtoQCGKKktZmo2ViBF1B7V_GZPqHWHBQg8NT8Vg4m0TK1Txjti7ZR8dUVrYTWFnw&amp;__tn__=-]K-y-R\"><span class=\"xt0psk2\"><span class=\"xjp7ctv\">Misi\u00f3n T\u00e9cnica de la Rep\u00fablica de China\uff08Taiw\u00e1n\uff09en Guatemala<\/span><\/span><\/a><\/span>, se realiza el simulacro por inundaci\u00f3n y deslizamiento con la presencia de la Secretaria Ejecutiva de la CONRED, Claudinne Ogaldes y autoridades territoriales. De esta manera poner en pr\u00e1ctica los conocimientos adquiridos por las <span class=\"html-span xdj266r x14z9mp xat24cr x1lziwak xexx8yu xyri2b x18d9i69 x1c1uobl x1hl2dhg x16tdsg8 x1vvkbs\"><a class=\"x1i10hfl xjbqb8w x1ejq31n x18oe1m7 x1sy0etr xstzfhl x972fbf x10w94by x1qhh985 x14e42zd x9f619 x1ypdohk xt0psk2 x3ct3a4 xdj266r x14z9mp xat24cr x1lziwak xexx8yu xyri2b x18d9i69 x1c1uobl x16tdsg8 x1hl2dhg xggy1nq x1a2a7pz xkrqix3 x1sur9pj x1fey0fg x1s688f\" tabindex=\"0\" role=\"link\" href=\"https:\/\/www.facebook.com\/hashtag\/colred?__eep__=6&amp;__cft__[0]=AZW-On08lQP8d4N8EiBpVgggO3D6p781yTM5eZHoqRpJ6L-uTzIFU-91EusdR1g-r8WwopaDfZ2bWaBk5EyABWQIIgnf0rCpk4NqRlfcow72QCYauyJcMmb8fo9zYyEWgI0Jxm0MYQXcsUhH9jWuXTFQjI8PWrO_MfJ518ITLP4_IZwtoQCGKKktZmo2ViBF1B7V_GZPqHWHBQg8NT8Vg4m0TK1Txjti7ZR8dUVrYTWFnw&amp;__tn__=*NK-y-R\">#COLRED<\/a><\/span> de barrio Canihab y Chixt\u00fan-Las Ilusiones y <span class=\"html-span xdj266r x14z9mp xat24cr x1lziwak xexx8yu xyri2b x18d9i69 x1c1uobl x1hl2dhg x16tdsg8 x1vvkbs\"><a class=\"x1i10hfl xjbqb8w x1ejq31n x18oe1m7 x1sy0etr xstzfhl x972fbf x10w94by x1qhh985 x14e42zd x9f619 x1ypdohk xt0psk2 x3ct3a4 xdj266r x14z9mp xat24cr x1lziwak xexx8yu xyri2b x18d9i69 x1c1uobl x16tdsg8 x1hl2dhg xggy1nq x1a2a7pz xkrqix3 x1sur9pj x1fey0fg x1s688f\" tabindex=\"0\" role=\"link\" href=\"https:\/\/www.facebook.com\/hashtag\/comred?__eep__=6&amp;__cft__[0]=AZW-On08lQP8d4N8EiBpVgggO3D6p781yTM5eZHoqRpJ6L-uTzIFU-91EusdR1g-r8WwopaDfZ2bWaBk5EyABWQIIgnf0rCpk4NqRlfcow72QCYauyJcMmb8fo9zYyEWgI0Jxm0MYQXcsUhH9jWuXTFQjI8PWrO_MfJ518ITLP4_IZwtoQCGKKktZmo2ViBF1B7V_GZPqHWHBQg8NT8Vg4m0TK1Txjti7ZR8dUVrYTWFnw&amp;__tn__=*NK-y-R\">#COMRED<\/a><\/span> de San Pedro Carch\u00e1. El simulacro inicia con la activaci\u00f3n de la activaci\u00f3n del Centro de Operaciones de Emergencias (COE) Municipal.<\/p>\n<p>&nbsp;<\/p>\n<p>&nbsp;<\/p>\n<div><\/div>\n","protected":false},"excerpt":{"rendered":"<p>#AltaVerapaz Como parte de las acciones del Proyecto de Sistema de Alerta Temprana y Manejo de Desastres en Guatemala impulsado por la Misi\u00f3n T\u00e9cnica de la Rep\u00fablica de China\uff08Taiw\u00e1n\uff09en Guatemala, se realiza el simulacro por inundaci\u00f3n y deslizamiento con la presencia de la Secretaria Ejecutiva de la CONRED, Claudinne Ogaldes y autoridades territoriales. De esta [&hellip;]<\/p>\n","protected":false},"author":1,"featured_media":23947,"comment_status":"closed","ping_status":"open","sticky":false,"template":"","format":"gallery","meta":[],"categories":[183],"tags":[178],"_links":{"self":[{"href":"https:\/\/gobernacionaltaverapaz.gob.gt\/index.php?rest_route=\/wp\/v2\/posts\/23950"}],"collection":[{"href":"https:\/\/gobernacionaltaverapaz.gob.gt\/index.php?rest_route=\/wp\/v2\/posts"}],"about":[{"href":"https:\/\/gobernacionaltaverapaz.gob.gt\/index.php?rest_route=\/wp\/v2\/types\/post"}],"author":[{"embeddable":true,"href":"https:\/\/gobernacionaltaverapaz.gob.gt\/index.php?rest_route=\/wp\/v2\/users\/1"}],"replies":[{"embeddable":true,"href":"https:\/\/gobernacionaltaverapaz.gob.gt\/index.php?rest_route=%2Fwp%2Fv2%2Fcomments&post=23950"}],"version-history":[{"count":1,"href":"https:\/\/gobernacionaltaverapaz.gob.gt\/index.php?rest_route=\/wp\/v2\/posts\/23950\/revisions"}],"predecessor-version":[{"id":23951,"href":"https:\/\/gobernacionaltaverapaz.gob.gt\/index.php?rest_route=\/wp\/v2\/posts\/23950\/revisions\/23951"}],"wp:featuredmedia":[{"embeddable":true,"href":"https:\/\/gobernacionaltaverapaz.gob.gt\/index.php?rest_route=\/wp\/v2\/media\/23947"}],"wp:attachment":[{"href":"https:\/\/gobernacionaltaverapaz.gob.gt\/index.php?rest_route=%2Fwp%2Fv2%2Fmedia&parent=23950"}],"wp:term":[{"taxonomy":"category","embeddable":true,"href":"https:\/\/gobernacionaltaverapaz.gob.gt\/index.php?rest_route=%2Fwp%2Fv2%2Fcategories&post=23950"},{"taxonomy":"post_tag","embeddable":true,"href":"https:\/\/gobernacionaltaverapaz.gob.gt\/index.php?rest_route=%2Fwp%2Fv2%2Ftags&post=23950"}],"curies":[{"name":"wp","href":"https:\/\/api.w.org\/{rel}","templated":true}]}}