{"id":23965,"date":"2025-11-23T16:36:22","date_gmt":"2025-11-23T22:36:22","guid":{"rendered":"https:\/\/gobernacionaltaverapaz.gob.gt\/?p=23965"},"modified":"2025-12-03T15:00:46","modified_gmt":"2025-12-03T21:00:46","slug":"gobernacion-departamental-de-alta-verapaz-acompano-la-clausura-del-servicio-civico-militar","status":"publish","type":"post","link":"https:\/\/gobernacionaltaverapaz.gob.gt\/?p=23965","title":{"rendered":"Gobernaci\u00f3n Departamental de Alta Verapaz acompa\u00f1\u00f3 la clausura del Servicio C\u00edvico Militar"},"content":{"rendered":"<div class=\"xdj266r x14z9mp xat24cr x1lziwak x1vvkbs x126k92a\">\n<div dir=\"auto\" style=\"text-align: justify;\">La Gobernaci\u00f3n Departamental de Alta Verapaz acompa\u00f1\u00f3 la clausura del Servicio C\u00edvico Militar, un acto que refleja el compromiso del Estado con la formaci\u00f3n c\u00edvica de la juventud guatemalteca.<\/div>\n<\/div>\n<div class=\"x14z9mp xat24cr x1lziwak x1vvkbs xtlvy1s x126k92a\" style=\"text-align: justify;\">\n<div dir=\"auto\">Durante la jornada, los reservistas realizaron una presentaci\u00f3n especial que permiti\u00f3 conocer de primera mano el trabajo que desarrollan dentro de la Reserva Militar: ejercicios de disciplina, pr\u00e1cticas de coordinaci\u00f3n, y actividades orientadas al fortalecimiento del servicio p\u00fablico y la responsabilidad ciudadana.<\/div>\n<\/div>\n<div class=\"x14z9mp xat24cr x1lziwak x1vvkbs xtlvy1s x126k92a\">\n<div dir=\"auto\" style=\"text-align: justify;\">Este cierre de ciclo reafirma el valor del esfuerzo, la preparaci\u00f3n y el sentido de pertenencia de los j\u00f3venes que, desde la reserva, contribuyen al fortalecimiento institucional y a la construcci\u00f3n de un pa\u00eds m\u00e1s seguro y participativo.<\/div>\n<\/div>\n<p>&nbsp;<\/p>\n<p>&nbsp;<\/p>\n<div><\/div>\n","protected":false},"excerpt":{"rendered":"<p>La Gobernaci\u00f3n Departamental de Alta Verapaz acompa\u00f1\u00f3 la clausura del Servicio C\u00edvico Militar, un acto que refleja el compromiso del Estado con la formaci\u00f3n c\u00edvica de la juventud guatemalteca. Durante la jornada, los reservistas realizaron una presentaci\u00f3n especial que permiti\u00f3 conocer de primera mano el trabajo que desarrollan dentro de la Reserva Militar: ejercicios de [&hellip;]<\/p>\n","protected":false},"author":1,"featured_media":23966,"comment_status":"closed","ping_status":"open","sticky":false,"template":"","format":"gallery","meta":[],"categories":[183],"tags":[178],"_links":{"self":[{"href":"https:\/\/gobernacionaltaverapaz.gob.gt\/index.php?rest_route=\/wp\/v2\/posts\/23965"}],"collection":[{"href":"https:\/\/gobernacionaltaverapaz.gob.gt\/index.php?rest_route=\/wp\/v2\/posts"}],"about":[{"href":"https:\/\/gobernacionaltaverapaz.gob.gt\/index.php?rest_route=\/wp\/v2\/types\/post"}],"author":[{"embeddable":true,"href":"https:\/\/gobernacionaltaverapaz.gob.gt\/index.php?rest_route=\/wp\/v2\/users\/1"}],"replies":[{"embeddable":true,"href":"https:\/\/gobernacionaltaverapaz.gob.gt\/index.php?rest_route=%2Fwp%2Fv2%2Fcomments&post=23965"}],"version-history":[{"count":1,"href":"https:\/\/gobernacionaltaverapaz.gob.gt\/index.php?rest_route=\/wp\/v2\/posts\/23965\/revisions"}],"predecessor-version":[{"id":23967,"href":"https:\/\/gobernacionaltaverapaz.gob.gt\/index.php?rest_route=\/wp\/v2\/posts\/23965\/revisions\/23967"}],"wp:featuredmedia":[{"embeddable":true,"href":"https:\/\/gobernacionaltaverapaz.gob.gt\/index.php?rest_route=\/wp\/v2\/media\/23966"}],"wp:attachment":[{"href":"https:\/\/gobernacionaltaverapaz.gob.gt\/index.php?rest_route=%2Fwp%2Fv2%2Fmedia&parent=23965"}],"wp:term":[{"taxonomy":"category","embeddable":true,"href":"https:\/\/gobernacionaltaverapaz.gob.gt\/index.php?rest_route=%2Fwp%2Fv2%2Fcategories&post=23965"},{"taxonomy":"post_tag","embeddable":true,"href":"https:\/\/gobernacionaltaverapaz.gob.gt\/index.php?rest_route=%2Fwp%2Fv2%2Ftags&post=23965"}],"curies":[{"name":"wp","href":"https:\/\/api.w.org\/{rel}","templated":true}]}}