{"id":23992,"date":"2025-11-24T12:00:45","date_gmt":"2025-11-24T18:00:45","guid":{"rendered":"https:\/\/gobernacionaltaverapaz.gob.gt\/?p=23992"},"modified":"2026-01-11T23:34:20","modified_gmt":"2026-01-12T05:34:20","slug":"gobernacion-departamental-participo-en-la-acreditacion-y-juramentacion-de-la-codred","status":"publish","type":"post","link":"https:\/\/gobernacionaltaverapaz.gob.gt\/?p=23992","title":{"rendered":"Gobernaci\u00f3n Departamental particip\u00f3 en la acreditaci\u00f3n y juramentaci\u00f3n de la (CODRED)"},"content":{"rendered":"<div class=\"xdj266r x14z9mp xat24cr x1lziwak x1vvkbs x126k92a\">\n<div dir=\"auto\" style=\"text-align: justify;\">La Gobernaci\u00f3n Departamental particip\u00f3 en la acreditaci\u00f3n y juramentaci\u00f3n de la Coordinadora Departamental para la Reducci\u00f3n de Desastres (CODRED) de Alta Verapaz, espacio clave para fortalecer la preparaci\u00f3n, prevenci\u00f3n y respuesta ante emergencias en el territorio.<\/div>\n<\/div>\n<div class=\"x14z9mp xat24cr x1lziwak x1vvkbs xtlvy1s x126k92a\" style=\"text-align: justify;\">\n<div dir=\"auto\">Con esta acci\u00f3n se consolida la articulaci\u00f3n entre instituciones, municipalidades y liderazgos locales para proteger a la poblaci\u00f3n y reducir los riesgos asociados a inundaciones, deslizamientos y otros eventos que afectan al departamento.<\/div>\n<\/div>\n<div class=\"x14z9mp xat24cr x1lziwak x1vvkbs xtlvy1s x126k92a\">\n<div dir=\"auto\" style=\"text-align: justify;\">La Gobernaci\u00f3n reafirma su compromiso de trabajar de manera coordinada para garantizar seguridad, resiliencia y bienestar a las familias de Alta Verapaz.<\/div>\n<\/div>\n<p>&nbsp;<\/p>\n<p>&nbsp;<\/p>\n<div><\/div>\n","protected":false},"excerpt":{"rendered":"<p>La Gobernaci\u00f3n Departamental particip\u00f3 en la acreditaci\u00f3n y juramentaci\u00f3n de la Coordinadora Departamental para la Reducci\u00f3n de Desastres (CODRED) de Alta Verapaz, espacio clave para fortalecer la preparaci\u00f3n, prevenci\u00f3n y respuesta ante emergencias en el territorio. Con esta acci\u00f3n se consolida la articulaci\u00f3n entre instituciones, municipalidades y liderazgos locales para proteger a la poblaci\u00f3n y [&hellip;]<\/p>\n","protected":false},"author":1,"featured_media":23980,"comment_status":"closed","ping_status":"open","sticky":false,"template":"","format":"gallery","meta":[],"categories":[183,214],"tags":[178],"_links":{"self":[{"href":"https:\/\/gobernacionaltaverapaz.gob.gt\/index.php?rest_route=\/wp\/v2\/posts\/23992"}],"collection":[{"href":"https:\/\/gobernacionaltaverapaz.gob.gt\/index.php?rest_route=\/wp\/v2\/posts"}],"about":[{"href":"https:\/\/gobernacionaltaverapaz.gob.gt\/index.php?rest_route=\/wp\/v2\/types\/post"}],"author":[{"embeddable":true,"href":"https:\/\/gobernacionaltaverapaz.gob.gt\/index.php?rest_route=\/wp\/v2\/users\/1"}],"replies":[{"embeddable":true,"href":"https:\/\/gobernacionaltaverapaz.gob.gt\/index.php?rest_route=%2Fwp%2Fv2%2Fcomments&post=23992"}],"version-history":[{"count":1,"href":"https:\/\/gobernacionaltaverapaz.gob.gt\/index.php?rest_route=\/wp\/v2\/posts\/23992\/revisions"}],"predecessor-version":[{"id":23993,"href":"https:\/\/gobernacionaltaverapaz.gob.gt\/index.php?rest_route=\/wp\/v2\/posts\/23992\/revisions\/23993"}],"wp:featuredmedia":[{"embeddable":true,"href":"https:\/\/gobernacionaltaverapaz.gob.gt\/index.php?rest_route=\/wp\/v2\/media\/23980"}],"wp:attachment":[{"href":"https:\/\/gobernacionaltaverapaz.gob.gt\/index.php?rest_route=%2Fwp%2Fv2%2Fmedia&parent=23992"}],"wp:term":[{"taxonomy":"category","embeddable":true,"href":"https:\/\/gobernacionaltaverapaz.gob.gt\/index.php?rest_route=%2Fwp%2Fv2%2Fcategories&post=23992"},{"taxonomy":"post_tag","embeddable":true,"href":"https:\/\/gobernacionaltaverapaz.gob.gt\/index.php?rest_route=%2Fwp%2Fv2%2Ftags&post=23992"}],"curies":[{"name":"wp","href":"https:\/\/api.w.org\/{rel}","templated":true}]}}