{"id":24028,"date":"2025-11-25T15:00:45","date_gmt":"2025-11-25T21:00:45","guid":{"rendered":"https:\/\/gobernacionaltaverapaz.gob.gt\/?p=24028"},"modified":"2026-01-11T23:34:19","modified_gmt":"2026-01-12T05:34:19","slug":"casa-naranja-2025-conferencia-sobre-masculinidades-positivas","status":"publish","type":"post","link":"https:\/\/gobernacionaltaverapaz.gob.gt\/?p=24028","title":{"rendered":"Casa Naranja 2025 \u2013 Conferencia sobre masculinidades positivas"},"content":{"rendered":"<div class=\"x14z9mp xat24cr x1lziwak x1vvkbs xtlvy1s x126k92a\">\n<div dir=\"auto\" style=\"text-align: justify;\">En el marco del D\u00eda Internacional para la Eliminaci\u00f3n de la Violencia contra la Mujer, la Gobernaci\u00f3n Departamental de Alta Verapaz acompa\u00f1\u00f3 la conferencia \u201cMasculinidades positivas\u201d, un espacio formativo orientado a promover relaciones basadas en el respeto, la igualdad y la corresponsabilidad.<\/div>\n<\/div>\n<div class=\"x14z9mp xat24cr x1lziwak x1vvkbs xtlvy1s x126k92a\">\n<div dir=\"auto\" style=\"text-align: justify;\">Estas acciones contribuyen a fortalecer una cultura de prevenci\u00f3n y a impulsar cambios que protejan la vida y la dignidad de mujeres y ni\u00f1as en nuestro departamento.<\/div>\n<div dir=\"auto\" style=\"text-align: justify;\">El Gobierno de Guatemala reafirma su compromiso de avanzar hacia un territorio donde todas las personas vivan libres de violencia.<\/div>\n<\/div>\n<p>&nbsp;<\/p>\n<p>&nbsp;<\/p>\n<div><\/div>\n","protected":false},"excerpt":{"rendered":"<p>En el marco del D\u00eda Internacional para la Eliminaci\u00f3n de la Violencia contra la Mujer, la Gobernaci\u00f3n Departamental de Alta Verapaz acompa\u00f1\u00f3 la conferencia \u201cMasculinidades positivas\u201d, un espacio formativo orientado a promover relaciones basadas en el respeto, la igualdad y la corresponsabilidad. Estas acciones contribuyen a fortalecer una cultura de prevenci\u00f3n y a impulsar cambios [&hellip;]<\/p>\n","protected":false},"author":1,"featured_media":24020,"comment_status":"closed","ping_status":"open","sticky":false,"template":"","format":"gallery","meta":[],"categories":[183,214],"tags":[178],"_links":{"self":[{"href":"https:\/\/gobernacionaltaverapaz.gob.gt\/index.php?rest_route=\/wp\/v2\/posts\/24028"}],"collection":[{"href":"https:\/\/gobernacionaltaverapaz.gob.gt\/index.php?rest_route=\/wp\/v2\/posts"}],"about":[{"href":"https:\/\/gobernacionaltaverapaz.gob.gt\/index.php?rest_route=\/wp\/v2\/types\/post"}],"author":[{"embeddable":true,"href":"https:\/\/gobernacionaltaverapaz.gob.gt\/index.php?rest_route=\/wp\/v2\/users\/1"}],"replies":[{"embeddable":true,"href":"https:\/\/gobernacionaltaverapaz.gob.gt\/index.php?rest_route=%2Fwp%2Fv2%2Fcomments&post=24028"}],"version-history":[{"count":1,"href":"https:\/\/gobernacionaltaverapaz.gob.gt\/index.php?rest_route=\/wp\/v2\/posts\/24028\/revisions"}],"predecessor-version":[{"id":24029,"href":"https:\/\/gobernacionaltaverapaz.gob.gt\/index.php?rest_route=\/wp\/v2\/posts\/24028\/revisions\/24029"}],"wp:featuredmedia":[{"embeddable":true,"href":"https:\/\/gobernacionaltaverapaz.gob.gt\/index.php?rest_route=\/wp\/v2\/media\/24020"}],"wp:attachment":[{"href":"https:\/\/gobernacionaltaverapaz.gob.gt\/index.php?rest_route=%2Fwp%2Fv2%2Fmedia&parent=24028"}],"wp:term":[{"taxonomy":"category","embeddable":true,"href":"https:\/\/gobernacionaltaverapaz.gob.gt\/index.php?rest_route=%2Fwp%2Fv2%2Fcategories&post=24028"},{"taxonomy":"post_tag","embeddable":true,"href":"https:\/\/gobernacionaltaverapaz.gob.gt\/index.php?rest_route=%2Fwp%2Fv2%2Ftags&post=24028"}],"curies":[{"name":"wp","href":"https:\/\/api.w.org\/{rel}","templated":true}]}}