{"id":24034,"date":"2025-12-02T17:18:53","date_gmt":"2025-12-02T23:18:53","guid":{"rendered":"https:\/\/gobernacionaltaverapaz.gob.gt\/?p=24034"},"modified":"2026-01-11T23:34:19","modified_gmt":"2026-01-12T05:34:19","slug":"reunion-de-trabajo-con-la-ministra-de-agricultura-ganaderia-y-alimentacion-y-el-alcalde-de-cahabon","status":"publish","type":"post","link":"https:\/\/gobernacionaltaverapaz.gob.gt\/?p=24034","title":{"rendered":"Reuni\u00f3n de trabajo con la ministra de Agricultura, Ganader\u00eda y Alimentaci\u00f3n y el alcalde de Cahab\u00f3n"},"content":{"rendered":"<div class=\"html-div xdj266r x14z9mp xat24cr x1lziwak xexx8yu xyri2b x18d9i69 x1c1uobl\" dir=\"auto\">\n<div class=\"html-div xdj266r x14z9mp xat24cr x1lziwak xexx8yu xyri2b x18d9i69 x1c1uobl\" data-ad-rendering-role=\"story_message\">\n<div id=\"_r_5h_\" class=\"x1l90r2v x1iorvi4 x1g0dm76 xpdmqnj\" data-ad-comet-preview=\"message\" data-ad-preview=\"message\">\n<div class=\"x78zum5 xdt5ytf xz62fqu x16ldp7u\">\n<div class=\"xu06os2 x1ok221b\">\n<div class=\"html-div xdj266r x14z9mp xat24cr x1lziwak xexx8yu xyri2b x18d9i69 x1c1uobl\">\n<div class=\"xdj266r x14z9mp xat24cr x1lziwak x1vvkbs x126k92a\">\n<div dir=\"auto\" style=\"text-align: justify;\">La Gobernadora de Alta Verapaz Dilia Margarita C\u00f3 Coy, particip\u00f3 en una reuni\u00f3n de trabajo con la ministra de Agricultura, Ganader\u00eda y Alimentaci\u00f3n, Mar\u00eda Fernanda Rivera, y el alcalde de Cahab\u00f3n para fortalecer la cadena de valor del cacao y el cardamomo en el territorio.<\/div>\n<\/div>\n<div class=\"x14z9mp xat24cr x1lziwak x1vvkbs xtlvy1s x126k92a\" style=\"text-align: justify;\">\n<div dir=\"auto\">Este acercamiento impulsa acciones conjuntas entre el MAGA, las autoridades locales y los productores, orientadas a mejorar la productividad y los ingresos de las familias que dependen de estos cultivos.<\/div>\n<\/div>\n<div class=\"x14z9mp xat24cr x1lziwak x1vvkbs xtlvy1s x126k92a\">\n<div dir=\"auto\" style=\"text-align: justify;\">La Gobernaci\u00f3n reafirma su compromiso de promover el desarrollo econ\u00f3mico del departamento y de vincular las prioridades del territorio con las instituciones del Ejecutivo.<\/div>\n<\/div>\n<\/div>\n<\/div>\n<\/div>\n<\/div>\n<\/div>\n<\/div>\n<div class=\"html-div xdj266r xat24cr xexx8yu xyri2b x18d9i69 x1c1uobl x1jx94hy x8cjs6t x3sou0m x80vd3b x12u81az x13fuv20 x18b5jzi x1q0q8m5 x1t7ytsu x178xt8z x1lun4ml xso031l xpilrb4 xrx5xu5 x1vn23mh xrws0fy x16azbe4 x6ikm8r x10wlt62 x1diwwjn xbmvrgn\">\n<div>\n<div class=\"html-div x14z9mp xat24cr x1lziwak xexx8yu xyri2b x18d9i69 x1c1uobl x1y332i5\">\n<div class=\"html-div xdj266r xexx8yu xyri2b x18d9i69 x1c1uobl x1n2onr6 x1lziwak x14z9mp xod5an3\">\n<div class=\"html-div xdj266r x14z9mp xat24cr x1lziwak xexx8yu xyri2b x18d9i69 x1c1uobl x1n2onr6\">\n<div class=\"html-div xdj266r x14z9mp xat24cr x1lziwak xexx8yu xyri2b x18d9i69 x1c1uobl\">\n<div class=\"x1n2onr6\">\n<div class=\"x1n2onr6\">\n<div class=\"x6ikm8r x10wlt62 x10l6tqk\"><\/div>\n<div class=\"x6ikm8r x10wlt62 x10l6tqk\"><\/div>\n<div class=\"x6ikm8r x10wlt62 x10l6tqk\"><\/div>\n<\/div>\n<\/div>\n<\/div>\n<\/div>\n<div class=\"html-div xdj266r x14z9mp xat24cr x1lziwak xexx8yu xyri2b x18d9i69 x1c1uobl x6ikm8r x10wlt62\"><\/div>\n<\/div>\n<\/div>\n<\/div>\n<\/div>\n<div><\/div>\n","protected":false},"excerpt":{"rendered":"<p>La Gobernadora de Alta Verapaz Dilia Margarita C\u00f3 Coy, particip\u00f3 en una reuni\u00f3n de trabajo con la ministra de Agricultura, Ganader\u00eda y Alimentaci\u00f3n, Mar\u00eda Fernanda Rivera, y el alcalde de Cahab\u00f3n para fortalecer la cadena de valor del cacao y el cardamomo en el territorio. Este acercamiento impulsa acciones conjuntas entre el MAGA, las autoridades [&hellip;]<\/p>\n","protected":false},"author":1,"featured_media":24031,"comment_status":"closed","ping_status":"open","sticky":false,"template":"","format":"gallery","meta":[],"categories":[183,214],"tags":[178],"_links":{"self":[{"href":"https:\/\/gobernacionaltaverapaz.gob.gt\/index.php?rest_route=\/wp\/v2\/posts\/24034"}],"collection":[{"href":"https:\/\/gobernacionaltaverapaz.gob.gt\/index.php?rest_route=\/wp\/v2\/posts"}],"about":[{"href":"https:\/\/gobernacionaltaverapaz.gob.gt\/index.php?rest_route=\/wp\/v2\/types\/post"}],"author":[{"embeddable":true,"href":"https:\/\/gobernacionaltaverapaz.gob.gt\/index.php?rest_route=\/wp\/v2\/users\/1"}],"replies":[{"embeddable":true,"href":"https:\/\/gobernacionaltaverapaz.gob.gt\/index.php?rest_route=%2Fwp%2Fv2%2Fcomments&post=24034"}],"version-history":[{"count":1,"href":"https:\/\/gobernacionaltaverapaz.gob.gt\/index.php?rest_route=\/wp\/v2\/posts\/24034\/revisions"}],"predecessor-version":[{"id":24035,"href":"https:\/\/gobernacionaltaverapaz.gob.gt\/index.php?rest_route=\/wp\/v2\/posts\/24034\/revisions\/24035"}],"wp:featuredmedia":[{"embeddable":true,"href":"https:\/\/gobernacionaltaverapaz.gob.gt\/index.php?rest_route=\/wp\/v2\/media\/24031"}],"wp:attachment":[{"href":"https:\/\/gobernacionaltaverapaz.gob.gt\/index.php?rest_route=%2Fwp%2Fv2%2Fmedia&parent=24034"}],"wp:term":[{"taxonomy":"category","embeddable":true,"href":"https:\/\/gobernacionaltaverapaz.gob.gt\/index.php?rest_route=%2Fwp%2Fv2%2Fcategories&post=24034"},{"taxonomy":"post_tag","embeddable":true,"href":"https:\/\/gobernacionaltaverapaz.gob.gt\/index.php?rest_route=%2Fwp%2Fv2%2Ftags&post=24034"}],"curies":[{"name":"wp","href":"https:\/\/api.w.org\/{rel}","templated":true}]}}