{"id":24043,"date":"2025-12-05T11:38:38","date_gmt":"2025-12-05T17:38:38","guid":{"rendered":"https:\/\/gobernacionaltaverapaz.gob.gt\/?p=24043"},"modified":"2026-01-11T23:34:19","modified_gmt":"2026-01-12T05:34:19","slug":"taller-presencial-de-la-comision-departamental-para-la-atencion-de-la-conflictividad-cdac","status":"publish","type":"post","link":"https:\/\/gobernacionaltaverapaz.gob.gt\/?p=24043","title":{"rendered":"Taller Presencial de la Comisi\u00f3n Departamental para la Atenci\u00f3n de la Conflictividad (CDAC)"},"content":{"rendered":"<div class=\"x14z9mp xat24cr x1lziwak x1vvkbs xtlvy1s x126k92a\">\n<div dir=\"auto\" style=\"text-align: justify;\">La Gobernaci\u00f3n Departamental de Alta Verapaz, junto al Sistema de Naciones Unidas y el Fondo para la Consolidaci\u00f3n de la Paz, particip\u00f3 en el Taller Presencial de la Comisi\u00f3n Departamental para la Atenci\u00f3n de la Conflictividad (CDAC).<\/div>\n<\/div>\n<div class=\"x14z9mp xat24cr x1lziwak x1vvkbs xtlvy1s x126k92a\" style=\"text-align: justify;\">\n<div dir=\"auto\">Durante dos d\u00edas, integrantes de la Comisi\u00f3n fortalecieron sus capacidades para el an\u00e1lisis, gesti\u00f3n y transformaci\u00f3n pac\u00edfica de conflictos, abordando herramientas te\u00f3ricas y pr\u00e1cticas, m\u00e9todos alternos de resoluci\u00f3n y estrategias de comunicaci\u00f3n constructiva.<\/div>\n<\/div>\n<div class=\"x14z9mp xat24cr x1lziwak x1vvkbs xtlvy1s x126k92a\">\n<div dir=\"auto\" style=\"text-align: justify;\">La Gobernadora Dilia Margarita C\u00f3 Coy destac\u00f3 la importancia del di\u00e1logo como v\u00eda para construir soluciones sostenibles y promover relaciones arm\u00f3nicas en las comunidades del departamento, impulsando espacios de coordinaci\u00f3n para prevenir conflictividades y promover la paz territorial.<\/div>\n<\/div>\n<p>&nbsp;<\/p>\n<div><\/div>\n","protected":false},"excerpt":{"rendered":"<p>La Gobernaci\u00f3n Departamental de Alta Verapaz, junto al Sistema de Naciones Unidas y el Fondo para la Consolidaci\u00f3n de la Paz, particip\u00f3 en el Taller Presencial de la Comisi\u00f3n Departamental para la Atenci\u00f3n de la Conflictividad (CDAC). Durante dos d\u00edas, integrantes de la Comisi\u00f3n fortalecieron sus capacidades para el an\u00e1lisis, gesti\u00f3n y transformaci\u00f3n pac\u00edfica de [&hellip;]<\/p>\n","protected":false},"author":1,"featured_media":24037,"comment_status":"closed","ping_status":"open","sticky":false,"template":"","format":"gallery","meta":[],"categories":[214,1],"tags":[178],"_links":{"self":[{"href":"https:\/\/gobernacionaltaverapaz.gob.gt\/index.php?rest_route=\/wp\/v2\/posts\/24043"}],"collection":[{"href":"https:\/\/gobernacionaltaverapaz.gob.gt\/index.php?rest_route=\/wp\/v2\/posts"}],"about":[{"href":"https:\/\/gobernacionaltaverapaz.gob.gt\/index.php?rest_route=\/wp\/v2\/types\/post"}],"author":[{"embeddable":true,"href":"https:\/\/gobernacionaltaverapaz.gob.gt\/index.php?rest_route=\/wp\/v2\/users\/1"}],"replies":[{"embeddable":true,"href":"https:\/\/gobernacionaltaverapaz.gob.gt\/index.php?rest_route=%2Fwp%2Fv2%2Fcomments&post=24043"}],"version-history":[{"count":1,"href":"https:\/\/gobernacionaltaverapaz.gob.gt\/index.php?rest_route=\/wp\/v2\/posts\/24043\/revisions"}],"predecessor-version":[{"id":24044,"href":"https:\/\/gobernacionaltaverapaz.gob.gt\/index.php?rest_route=\/wp\/v2\/posts\/24043\/revisions\/24044"}],"wp:featuredmedia":[{"embeddable":true,"href":"https:\/\/gobernacionaltaverapaz.gob.gt\/index.php?rest_route=\/wp\/v2\/media\/24037"}],"wp:attachment":[{"href":"https:\/\/gobernacionaltaverapaz.gob.gt\/index.php?rest_route=%2Fwp%2Fv2%2Fmedia&parent=24043"}],"wp:term":[{"taxonomy":"category","embeddable":true,"href":"https:\/\/gobernacionaltaverapaz.gob.gt\/index.php?rest_route=%2Fwp%2Fv2%2Fcategories&post=24043"},{"taxonomy":"post_tag","embeddable":true,"href":"https:\/\/gobernacionaltaverapaz.gob.gt\/index.php?rest_route=%2Fwp%2Fv2%2Ftags&post=24043"}],"curies":[{"name":"wp","href":"https:\/\/api.w.org\/{rel}","templated":true}]}}