{"id":24051,"date":"2025-12-05T13:00:45","date_gmt":"2025-12-05T19:00:45","guid":{"rendered":"https:\/\/gobernacionaltaverapaz.gob.gt\/?p=24051"},"modified":"2026-01-11T23:34:19","modified_gmt":"2026-01-12T05:34:19","slug":"entrega-del-bono-campesino-en-san-pablo-tamahu","status":"publish","type":"post","link":"https:\/\/gobernacionaltaverapaz.gob.gt\/?p=24051","title":{"rendered":"Instalaci\u00f3n de la Mesa T\u00e9cnica Municipal \u2013 PLANEA en San Juan Chamelco"},"content":{"rendered":"<div class=\"x14z9mp xat24cr x1lziwak x1vvkbs xtlvy1s x126k92a\">\n<div dir=\"auto\" style=\"text-align: justify;\">\n<div class=\"x14z9mp xat24cr x1lziwak x1vvkbs xtlvy1s x126k92a\">\n<div dir=\"auto\">La Gobernaci\u00f3n Departamental de Alta Verapaz acompa\u00f1\u00f3 la instalaci\u00f3n de la Mesa T\u00e9cnica Municipal \u2013 PLANEA en San Juan Chamelco, un espacio que fortalece la articulaci\u00f3n entre instituciones para la prevenci\u00f3n del embarazo en ni\u00f1as y adolescentes, el acceso a servicios de salud y el bienestar integral de la ni\u00f1ez y juventud del municipio.<\/div>\n<\/div>\n<div class=\"x14z9mp xat24cr x1lziwak x1vvkbs xtlvy1s x126k92a\">\n<div dir=\"auto\">Durante la jornada, autoridades locales, personal de salud, delegaciones institucionales y organizaciones comunitarias presentaron informaci\u00f3n clave sobre las acciones que se impulsar\u00e1n de manera coordinada.<\/div>\n<\/div>\n<\/div>\n<\/div>\n<p>&nbsp;<\/p>\n<p>&nbsp;<\/p>\n<div><\/div>\n","protected":false},"excerpt":{"rendered":"<p>La Gobernaci\u00f3n Departamental de Alta Verapaz acompa\u00f1\u00f3 la instalaci\u00f3n de la Mesa T\u00e9cnica Municipal \u2013 PLANEA en San Juan Chamelco, un espacio que fortalece la articulaci\u00f3n entre instituciones para la prevenci\u00f3n del embarazo en ni\u00f1as y adolescentes, el acceso a servicios de salud y el bienestar integral de la ni\u00f1ez y juventud del municipio. Durante [&hellip;]<\/p>\n","protected":false},"author":1,"featured_media":24045,"comment_status":"closed","ping_status":"open","sticky":false,"template":"","format":"gallery","meta":[],"categories":[214,1],"tags":[178],"_links":{"self":[{"href":"https:\/\/gobernacionaltaverapaz.gob.gt\/index.php?rest_route=\/wp\/v2\/posts\/24051"}],"collection":[{"href":"https:\/\/gobernacionaltaverapaz.gob.gt\/index.php?rest_route=\/wp\/v2\/posts"}],"about":[{"href":"https:\/\/gobernacionaltaverapaz.gob.gt\/index.php?rest_route=\/wp\/v2\/types\/post"}],"author":[{"embeddable":true,"href":"https:\/\/gobernacionaltaverapaz.gob.gt\/index.php?rest_route=\/wp\/v2\/users\/1"}],"replies":[{"embeddable":true,"href":"https:\/\/gobernacionaltaverapaz.gob.gt\/index.php?rest_route=%2Fwp%2Fv2%2Fcomments&post=24051"}],"version-history":[{"count":2,"href":"https:\/\/gobernacionaltaverapaz.gob.gt\/index.php?rest_route=\/wp\/v2\/posts\/24051\/revisions"}],"predecessor-version":[{"id":24053,"href":"https:\/\/gobernacionaltaverapaz.gob.gt\/index.php?rest_route=\/wp\/v2\/posts\/24051\/revisions\/24053"}],"wp:featuredmedia":[{"embeddable":true,"href":"https:\/\/gobernacionaltaverapaz.gob.gt\/index.php?rest_route=\/wp\/v2\/media\/24045"}],"wp:attachment":[{"href":"https:\/\/gobernacionaltaverapaz.gob.gt\/index.php?rest_route=%2Fwp%2Fv2%2Fmedia&parent=24051"}],"wp:term":[{"taxonomy":"category","embeddable":true,"href":"https:\/\/gobernacionaltaverapaz.gob.gt\/index.php?rest_route=%2Fwp%2Fv2%2Fcategories&post=24051"},{"taxonomy":"post_tag","embeddable":true,"href":"https:\/\/gobernacionaltaverapaz.gob.gt\/index.php?rest_route=%2Fwp%2Fv2%2Ftags&post=24051"}],"curies":[{"name":"wp","href":"https:\/\/api.w.org\/{rel}","templated":true}]}}