{"id":24060,"date":"2025-12-05T16:36:41","date_gmt":"2025-12-05T22:36:41","guid":{"rendered":"https:\/\/gobernacionaltaverapaz.gob.gt\/?p=24060"},"modified":"2026-01-11T23:34:19","modified_gmt":"2026-01-12T05:34:19","slug":"mesa-de-coordinacion-interinstitucional-para-la-participacion-de-las-mujeres-en-el-siscod","status":"publish","type":"post","link":"https:\/\/gobernacionaltaverapaz.gob.gt\/?p=24060","title":{"rendered":"Mesa de Coordinaci\u00f3n Interinstitucional para la Participaci\u00f3n de las Mujeres en el SISCOD"},"content":{"rendered":"<div class=\"xdj266r x14z9mp xat24cr x1lziwak x1vvkbs x126k92a\">\n<div dir=\"auto\" style=\"text-align: justify;\">Como parte del trabajo impulsado por la Mesa de Coordinaci\u00f3n Interinstitucional para la Participaci\u00f3n de las Mujeres en el SISCODE, coordinada por la Gobernadora Departamental Dilia Margarita C\u00f3 Coy, se desarroll\u00f3 el curso \u201cGesti\u00f3n de la Administraci\u00f3n P\u00fablica con Enfoque de G\u00e9nero\u201d, impartido por el INAP durante cinco sesiones formativas.<\/div>\n<\/div>\n<div class=\"x14z9mp xat24cr x1lziwak x1vvkbs xtlvy1s x126k92a\">\n<div dir=\"auto\" style=\"text-align: justify;\">Esta capacitaci\u00f3n fortaleci\u00f3 las capacidades de mujeres que ocupan espacios de decisi\u00f3n en las municipalidades y en el SISCODE, promoviendo liderazgo, participaci\u00f3n efectiva y gesti\u00f3n p\u00fablica con pertinencia. La iniciativa cont\u00f3 con el valioso apoyo del PNUD, en el marco del Proyecto \u201cMujeres Liderando Paz\u201d, reafirmando el compromiso institucional de avanzar hacia un desarrollo m\u00e1s justo, inclusivo y equitativo para Alta Verapaz.<\/div>\n<\/div>\n<p>&nbsp;<\/p>\n<div><\/div>\n","protected":false},"excerpt":{"rendered":"<p>Como parte del trabajo impulsado por la Mesa de Coordinaci\u00f3n Interinstitucional para la Participaci\u00f3n de las Mujeres en el SISCODE, coordinada por la Gobernadora Departamental Dilia Margarita C\u00f3 Coy, se desarroll\u00f3 el curso \u201cGesti\u00f3n de la Administraci\u00f3n P\u00fablica con Enfoque de G\u00e9nero\u201d, impartido por el INAP durante cinco sesiones formativas. Esta capacitaci\u00f3n fortaleci\u00f3 las capacidades [&hellip;]<\/p>\n","protected":false},"author":1,"featured_media":24054,"comment_status":"closed","ping_status":"open","sticky":false,"template":"","format":"gallery","meta":[],"categories":[214,1],"tags":[178],"_links":{"self":[{"href":"https:\/\/gobernacionaltaverapaz.gob.gt\/index.php?rest_route=\/wp\/v2\/posts\/24060"}],"collection":[{"href":"https:\/\/gobernacionaltaverapaz.gob.gt\/index.php?rest_route=\/wp\/v2\/posts"}],"about":[{"href":"https:\/\/gobernacionaltaverapaz.gob.gt\/index.php?rest_route=\/wp\/v2\/types\/post"}],"author":[{"embeddable":true,"href":"https:\/\/gobernacionaltaverapaz.gob.gt\/index.php?rest_route=\/wp\/v2\/users\/1"}],"replies":[{"embeddable":true,"href":"https:\/\/gobernacionaltaverapaz.gob.gt\/index.php?rest_route=%2Fwp%2Fv2%2Fcomments&post=24060"}],"version-history":[{"count":1,"href":"https:\/\/gobernacionaltaverapaz.gob.gt\/index.php?rest_route=\/wp\/v2\/posts\/24060\/revisions"}],"predecessor-version":[{"id":24061,"href":"https:\/\/gobernacionaltaverapaz.gob.gt\/index.php?rest_route=\/wp\/v2\/posts\/24060\/revisions\/24061"}],"wp:featuredmedia":[{"embeddable":true,"href":"https:\/\/gobernacionaltaverapaz.gob.gt\/index.php?rest_route=\/wp\/v2\/media\/24054"}],"wp:attachment":[{"href":"https:\/\/gobernacionaltaverapaz.gob.gt\/index.php?rest_route=%2Fwp%2Fv2%2Fmedia&parent=24060"}],"wp:term":[{"taxonomy":"category","embeddable":true,"href":"https:\/\/gobernacionaltaverapaz.gob.gt\/index.php?rest_route=%2Fwp%2Fv2%2Fcategories&post=24060"},{"taxonomy":"post_tag","embeddable":true,"href":"https:\/\/gobernacionaltaverapaz.gob.gt\/index.php?rest_route=%2Fwp%2Fv2%2Ftags&post=24060"}],"curies":[{"name":"wp","href":"https:\/\/api.w.org\/{rel}","templated":true}]}}