{"id":24091,"date":"2025-12-10T15:43:48","date_gmt":"2025-12-10T21:43:48","guid":{"rendered":"https:\/\/gobernacionaltaverapaz.gob.gt\/?p=24091"},"modified":"2026-01-11T23:34:19","modified_gmt":"2026-01-12T05:34:19","slug":"compromiso-con-la-ninez-fortaleciendo-la-atencion-en-salud-en-alta-verapaz","status":"publish","type":"post","link":"https:\/\/gobernacionaltaverapaz.gob.gt\/?p=24091","title":{"rendered":"Compromiso con la Ni\u00f1ez: Fortaleciendo la Atenci\u00f3n en Salud en Alta Verapaz"},"content":{"rendered":"<div class=\"x14z9mp xat24cr x1lziwak x1vvkbs xtlvy1s x126k92a\">\n<div dir=\"auto\" style=\"text-align: justify;\">Alta Verapaz recibi\u00f3 a la Vicepresidenta Karin Herrera, junto al Viceministro de Salud y UNICEF, para impulsar el Modelo de Atenci\u00f3n Integral e Incluyente en Salud.<\/div>\n<\/div>\n<div class=\"x14z9mp xat24cr x1lziwak x1vvkbs xtlvy1s x126k92a\" style=\"text-align: justify;\">\n<div dir=\"auto\">La primera infancia es prioridad nacional. Reducir embarazos en ni\u00f1as y adolescentes, mejorar el acceso a servicios y garantizar que cada ni\u00f1o y ni\u00f1a crezca sano es fundamental para el desarrollo del pa\u00eds.<\/div>\n<\/div>\n<div class=\"x14z9mp xat24cr x1lziwak x1vvkbs xtlvy1s x126k92a\">\n<div dir=\"auto\" style=\"text-align: justify;\">Con coordinaci\u00f3n y trabajo en red, construimos una salud m\u00e1s cercana, oportuna y humana para nuestras comunidades.<\/div>\n<\/div>\n<p>&nbsp;<\/p>\n<div><\/div>\n","protected":false},"excerpt":{"rendered":"<p>Alta Verapaz recibi\u00f3 a la Vicepresidenta Karin Herrera, junto al Viceministro de Salud y UNICEF, para impulsar el Modelo de Atenci\u00f3n Integral e Incluyente en Salud. La primera infancia es prioridad nacional. Reducir embarazos en ni\u00f1as y adolescentes, mejorar el acceso a servicios y garantizar que cada ni\u00f1o y ni\u00f1a crezca sano es fundamental para [&hellip;]<\/p>\n","protected":false},"author":1,"featured_media":24074,"comment_status":"closed","ping_status":"open","sticky":false,"template":"","format":"gallery","meta":[],"categories":[214,1],"tags":[178],"_links":{"self":[{"href":"https:\/\/gobernacionaltaverapaz.gob.gt\/index.php?rest_route=\/wp\/v2\/posts\/24091"}],"collection":[{"href":"https:\/\/gobernacionaltaverapaz.gob.gt\/index.php?rest_route=\/wp\/v2\/posts"}],"about":[{"href":"https:\/\/gobernacionaltaverapaz.gob.gt\/index.php?rest_route=\/wp\/v2\/types\/post"}],"author":[{"embeddable":true,"href":"https:\/\/gobernacionaltaverapaz.gob.gt\/index.php?rest_route=\/wp\/v2\/users\/1"}],"replies":[{"embeddable":true,"href":"https:\/\/gobernacionaltaverapaz.gob.gt\/index.php?rest_route=%2Fwp%2Fv2%2Fcomments&post=24091"}],"version-history":[{"count":1,"href":"https:\/\/gobernacionaltaverapaz.gob.gt\/index.php?rest_route=\/wp\/v2\/posts\/24091\/revisions"}],"predecessor-version":[{"id":24092,"href":"https:\/\/gobernacionaltaverapaz.gob.gt\/index.php?rest_route=\/wp\/v2\/posts\/24091\/revisions\/24092"}],"wp:featuredmedia":[{"embeddable":true,"href":"https:\/\/gobernacionaltaverapaz.gob.gt\/index.php?rest_route=\/wp\/v2\/media\/24074"}],"wp:attachment":[{"href":"https:\/\/gobernacionaltaverapaz.gob.gt\/index.php?rest_route=%2Fwp%2Fv2%2Fmedia&parent=24091"}],"wp:term":[{"taxonomy":"category","embeddable":true,"href":"https:\/\/gobernacionaltaverapaz.gob.gt\/index.php?rest_route=%2Fwp%2Fv2%2Fcategories&post=24091"},{"taxonomy":"post_tag","embeddable":true,"href":"https:\/\/gobernacionaltaverapaz.gob.gt\/index.php?rest_route=%2Fwp%2Fv2%2Ftags&post=24091"}],"curies":[{"name":"wp","href":"https:\/\/api.w.org\/{rel}","templated":true}]}}