{"id":24097,"date":"2025-12-11T12:23:26","date_gmt":"2025-12-11T18:23:26","guid":{"rendered":"https:\/\/gobernacionaltaverapaz.gob.gt\/?p=24097"},"modified":"2026-01-11T23:34:19","modified_gmt":"2026-01-12T05:34:19","slug":"reunion-ordinaria-para-avanzar-en-la-coordinacion-del-desarrollo-del-territorio","status":"publish","type":"post","link":"https:\/\/gobernacionaltaverapaz.gob.gt\/?p=24097","title":{"rendered":"Reuni\u00f3n ordinaria para avanzar en la coordinaci\u00f3n del desarrollo del territorio"},"content":{"rendered":"<div class=\"xdj266r x14z9mp xat24cr x1lziwak x1vvkbs x126k92a\">\n<div dir=\"auto\" style=\"text-align: justify;\">La Unidad T\u00e9cnica Departamental de Alta Verapaz realiz\u00f3 su reuni\u00f3n ordinaria para avanzar en la coordinaci\u00f3n del desarrollo del territorio. Entre los puntos m\u00e1s relevantes se aprob\u00f3 la programaci\u00f3n de reuniones 2026 para DMP, UTD y CODEDE, garantizando un trabajo ordenado y articulado entre instituciones. Asimismo, se present\u00f3 la Agenda Estrat\u00e9gica 2026, que prioriza temas clave como desarrollo social, crecimiento econ\u00f3mico, medio ambiente y gesti\u00f3n de recursos naturales.<\/div>\n<\/div>\n<div class=\"x14z9mp xat24cr x1lziwak x1vvkbs xtlvy1s x126k92a\">\n<div dir=\"auto\" style=\"text-align: justify;\">Se revisaron los avances del Plan K\u2019atun y cooperaci\u00f3n internacional, y se acord\u00f3 fortalecer la funcionalidad y ruta de trabajo de las comisiones del Consejo de Desarrollo. Tambi\u00e9n se socializ\u00f3 la propuesta de reprogramaci\u00f3n de metas del proyecto 2026 de San Pedro Carch\u00e1 y se definieron lineamientos para la presentaci\u00f3n de informes finales de comisiones, consolidando transparencia y planificaci\u00f3n efectiva en el departamento.<\/div>\n<\/div>\n<p>&nbsp;<\/p>\n<div><\/div>\n","protected":false},"excerpt":{"rendered":"<p>La Unidad T\u00e9cnica Departamental de Alta Verapaz realiz\u00f3 su reuni\u00f3n ordinaria para avanzar en la coordinaci\u00f3n del desarrollo del territorio. Entre los puntos m\u00e1s relevantes se aprob\u00f3 la programaci\u00f3n de reuniones 2026 para DMP, UTD y CODEDE, garantizando un trabajo ordenado y articulado entre instituciones. Asimismo, se present\u00f3 la Agenda Estrat\u00e9gica 2026, que prioriza temas [&hellip;]<\/p>\n","protected":false},"author":1,"featured_media":24093,"comment_status":"closed","ping_status":"open","sticky":false,"template":"","format":"gallery","meta":[],"categories":[214,1],"tags":[178],"_links":{"self":[{"href":"https:\/\/gobernacionaltaverapaz.gob.gt\/index.php?rest_route=\/wp\/v2\/posts\/24097"}],"collection":[{"href":"https:\/\/gobernacionaltaverapaz.gob.gt\/index.php?rest_route=\/wp\/v2\/posts"}],"about":[{"href":"https:\/\/gobernacionaltaverapaz.gob.gt\/index.php?rest_route=\/wp\/v2\/types\/post"}],"author":[{"embeddable":true,"href":"https:\/\/gobernacionaltaverapaz.gob.gt\/index.php?rest_route=\/wp\/v2\/users\/1"}],"replies":[{"embeddable":true,"href":"https:\/\/gobernacionaltaverapaz.gob.gt\/index.php?rest_route=%2Fwp%2Fv2%2Fcomments&post=24097"}],"version-history":[{"count":1,"href":"https:\/\/gobernacionaltaverapaz.gob.gt\/index.php?rest_route=\/wp\/v2\/posts\/24097\/revisions"}],"predecessor-version":[{"id":24098,"href":"https:\/\/gobernacionaltaverapaz.gob.gt\/index.php?rest_route=\/wp\/v2\/posts\/24097\/revisions\/24098"}],"wp:featuredmedia":[{"embeddable":true,"href":"https:\/\/gobernacionaltaverapaz.gob.gt\/index.php?rest_route=\/wp\/v2\/media\/24093"}],"wp:attachment":[{"href":"https:\/\/gobernacionaltaverapaz.gob.gt\/index.php?rest_route=%2Fwp%2Fv2%2Fmedia&parent=24097"}],"wp:term":[{"taxonomy":"category","embeddable":true,"href":"https:\/\/gobernacionaltaverapaz.gob.gt\/index.php?rest_route=%2Fwp%2Fv2%2Fcategories&post=24097"},{"taxonomy":"post_tag","embeddable":true,"href":"https:\/\/gobernacionaltaverapaz.gob.gt\/index.php?rest_route=%2Fwp%2Fv2%2Ftags&post=24097"}],"curies":[{"name":"wp","href":"https:\/\/api.w.org\/{rel}","templated":true}]}}