{"id":24108,"date":"2025-12-12T16:03:04","date_gmt":"2025-12-12T22:03:04","guid":{"rendered":"https:\/\/gobernacionaltaverapaz.gob.gt\/?p=24108"},"modified":"2026-01-11T23:34:19","modified_gmt":"2026-01-12T05:34:19","slug":"reunion-ordinaria-del-codede-alta-verapaz-2","status":"publish","type":"post","link":"https:\/\/gobernacionaltaverapaz.gob.gt\/?p=24108","title":{"rendered":"Reuni\u00f3n Ordinaria del CODEDE Alta Verapaz"},"content":{"rendered":"<div class=\"x14z9mp xat24cr x1lziwak x1vvkbs xtlvy1s x126k92a\">\n<div dir=\"auto\" style=\"text-align: justify;\">El Consejo Departamental de Desarrollo de Alta Verapaz celebr\u00f3 su Reuni\u00f3n Ordinaria, un espacio clave de toma de decisiones, seguimiento y articulaci\u00f3n interinstitucional para orientar la inversi\u00f3n p\u00fablica y el desarrollo del departamento.<\/div>\n<\/div>\n<div class=\"x14z9mp xat24cr x1lziwak x1vvkbs xtlvy1s x126k92a\" style=\"text-align: justify;\">\n<div dir=\"auto\">Durante la Reuni\u00f3n Ordinaria del CODEDE Alta Verapaz, se desarroll\u00f3 una agenda estrat\u00e9gica integral orientada a fortalecer la coordinaci\u00f3n interinstitucional, la planificaci\u00f3n y la conducci\u00f3n del desarrollo departamental, en el marco de la pol\u00edtica de descentralizaci\u00f3n y fortalecimiento de la gesti\u00f3n p\u00fablica impulsada por el Gobierno de Guatemala.<\/div>\n<\/div>\n<div class=\"x14z9mp xat24cr x1lziwak x1vvkbs xtlvy1s x126k92a\" style=\"text-align: justify;\">\n<div dir=\"auto\">En la sesi\u00f3n se present\u00f3 la Agenda Estrat\u00e9gica 2026, los resultados del diagn\u00f3stico de deficiencias en la formulaci\u00f3n de proyectos de inversi\u00f3n p\u00fablica, la situaci\u00f3n de los proyectos 2026, los avances f\u00edsicos y financieros del CODEDE, incluyendo recursos 2025 y recursos extraordinarios, as\u00ed como la distribuci\u00f3n de los recursos extraordinarios conforme al Decreto 27-2025. Asimismo, se conocieron los informes de coordinaci\u00f3n interinstitucional, fortalecimiento acad\u00e9mico y t\u00e9cnico, los informes de comisiones, y la asistencia de los integrantes al Sistema de Consejos de Desarrollo, fortaleciendo los mecanismos de seguimiento y control.<\/div>\n<\/div>\n<div class=\"x14z9mp xat24cr x1lziwak x1vvkbs xtlvy1s x126k92a\">\n<div dir=\"auto\" style=\"text-align: justify;\">Adem\u00e1s, se presentaron los resultados de la Encuesta Nacional de Empleo e Ingresos como insumo para la toma de decisiones, se aprob\u00f3 el calendario de reuniones 2026, confirmando la realizaci\u00f3n de sesiones del CODEDE en distintos municipios del departamento, y se realiz\u00f3 la entrega de la Certificaci\u00f3n Estrat\u00e9gica a la Excelencia de los CODEDES por parte del <span class=\"html-span xdj266r x14z9mp xat24cr x1lziwak xexx8yu xyri2b x18d9i69 x1c1uobl x1hl2dhg x16tdsg8 x1vvkbs\"><a class=\"x1i10hfl xjbqb8w x1ejq31n x18oe1m7 x1sy0etr xstzfhl x972fbf x10w94by x1qhh985 x14e42zd x9f619 x1ypdohk xt0psk2 x3ct3a4 xdj266r x14z9mp xat24cr x1lziwak xexx8yu xyri2b x18d9i69 x1c1uobl x16tdsg8 x1hl2dhg xggy1nq x1a2a7pz xkrqix3 x1sur9pj x1fey0fg x1s688f\" tabindex=\"0\" role=\"link\" href=\"https:\/\/www.facebook.com\/INAPGuatemalaCA?__cft__[0]=AZYvm0FhswBCW6NMO4n0IIjOyps5N2AvlxnDnKKv0LDFRbFoQNcgvx5CTaH0hvL31NGyl3ZIQdK6ccgxwHKcGQLcToI_mS9Tl4xy9wdCa3BYT8IHNruuElSdD1Z68D-UavuaNaaDGqiQnQtRhT_AO9caa9NeUP6_0x2Zj8fCA_myA8ziPD9UGGdUo9KmUu-P7jM&amp;__tn__=-]K-R\"><span class=\"xt0psk2\"><span class=\"xjp7ctv\">INAP Guatemala<\/span><\/span><\/a><\/span>, a las municipalidades de Cob\u00e1n, Santa Cruz Verapaz y Tactic, en reconocimiento a los avances en planificaci\u00f3n y gesti\u00f3n de proyectos, reflejando un enfoque de gesti\u00f3n p\u00fablica t\u00e9cnica, transparente y orientada a resultados para Alta Verapaz.<\/div>\n<\/div>\n<p>&nbsp;<\/p>\n<div><\/div>\n","protected":false},"excerpt":{"rendered":"<p>El Consejo Departamental de Desarrollo de Alta Verapaz celebr\u00f3 su Reuni\u00f3n Ordinaria, un espacio clave de toma de decisiones, seguimiento y articulaci\u00f3n interinstitucional para orientar la inversi\u00f3n p\u00fablica y el desarrollo del departamento. Durante la Reuni\u00f3n Ordinaria del CODEDE Alta Verapaz, se desarroll\u00f3 una agenda estrat\u00e9gica integral orientada a fortalecer la coordinaci\u00f3n interinstitucional, la planificaci\u00f3n [&hellip;]<\/p>\n","protected":false},"author":1,"featured_media":24099,"comment_status":"closed","ping_status":"open","sticky":false,"template":"","format":"gallery","meta":[],"categories":[214,1],"tags":[178],"_links":{"self":[{"href":"https:\/\/gobernacionaltaverapaz.gob.gt\/index.php?rest_route=\/wp\/v2\/posts\/24108"}],"collection":[{"href":"https:\/\/gobernacionaltaverapaz.gob.gt\/index.php?rest_route=\/wp\/v2\/posts"}],"about":[{"href":"https:\/\/gobernacionaltaverapaz.gob.gt\/index.php?rest_route=\/wp\/v2\/types\/post"}],"author":[{"embeddable":true,"href":"https:\/\/gobernacionaltaverapaz.gob.gt\/index.php?rest_route=\/wp\/v2\/users\/1"}],"replies":[{"embeddable":true,"href":"https:\/\/gobernacionaltaverapaz.gob.gt\/index.php?rest_route=%2Fwp%2Fv2%2Fcomments&post=24108"}],"version-history":[{"count":1,"href":"https:\/\/gobernacionaltaverapaz.gob.gt\/index.php?rest_route=\/wp\/v2\/posts\/24108\/revisions"}],"predecessor-version":[{"id":24109,"href":"https:\/\/gobernacionaltaverapaz.gob.gt\/index.php?rest_route=\/wp\/v2\/posts\/24108\/revisions\/24109"}],"wp:featuredmedia":[{"embeddable":true,"href":"https:\/\/gobernacionaltaverapaz.gob.gt\/index.php?rest_route=\/wp\/v2\/media\/24099"}],"wp:attachment":[{"href":"https:\/\/gobernacionaltaverapaz.gob.gt\/index.php?rest_route=%2Fwp%2Fv2%2Fmedia&parent=24108"}],"wp:term":[{"taxonomy":"category","embeddable":true,"href":"https:\/\/gobernacionaltaverapaz.gob.gt\/index.php?rest_route=%2Fwp%2Fv2%2Fcategories&post=24108"},{"taxonomy":"post_tag","embeddable":true,"href":"https:\/\/gobernacionaltaverapaz.gob.gt\/index.php?rest_route=%2Fwp%2Fv2%2Ftags&post=24108"}],"curies":[{"name":"wp","href":"https:\/\/api.w.org\/{rel}","templated":true}]}}