{"id":24130,"date":"2025-12-19T08:43:47","date_gmt":"2025-12-19T14:43:47","guid":{"rendered":"https:\/\/gobernacionaltaverapaz.gob.gt\/?p=24130"},"modified":"2026-01-11T23:34:18","modified_gmt":"2026-01-12T05:34:18","slug":"proyecto-de-electrificacion-rural-impulsado-por-el-instituto-nacional-de-electrificacion-inde","status":"publish","type":"post","link":"https:\/\/gobernacionaltaverapaz.gob.gt\/?p=24130","title":{"rendered":"Proyecto de Electrificaci\u00f3n Rural impulsado por el Instituto Nacional de Electrificaci\u00f3n (INDE)"},"content":{"rendered":"<div class=\"xdj266r x14z9mp xat24cr x1lziwak x1vvkbs x126k92a\">\n<div dir=\"auto\" style=\"text-align: justify;\">La energ\u00eda llega a m\u00e1s comunidades de Alta Verapaz<\/div>\n<div dir=\"auto\"><\/div>\n<\/div>\n<div class=\"x14z9mp xat24cr x1lziwak x1vvkbs xtlvy1s x126k92a\" style=\"text-align: justify;\">\n<div dir=\"auto\">Como parte del trabajo de articulaci\u00f3n territorial del Gobierno de Guatemala, se realiz\u00f3 el Proyecto de Electrificaci\u00f3n Rural impulsado por el Instituto Nacional de Electrificaci\u00f3n (INDE), beneficiando a comunidades de los municipios de Chisec y San Pedro Carch\u00e1.<\/div>\n<\/div>\n<div class=\"x14z9mp xat24cr x1lziwak x1vvkbs xtlvy1s x126k92a\" style=\"text-align: justify;\">\n<div dir=\"auto\">Desde la Gobernaci\u00f3n Departamental de Alta Verapaz, se brind\u00f3 acompa\u00f1amiento institucional durante este proceso, facilitando la coordinaci\u00f3n entre las comunidades, las autoridades locales y las instituciones del Ejecutivo, para que este proyecto se concrete en el territorio.<\/div>\n<\/div>\n<div class=\"x14z9mp xat24cr x1lziwak x1vvkbs xtlvy1s x126k92a\" style=\"text-align: justify;\">\n<div dir=\"auto\">La electrificaci\u00f3n no solo significa luz en los hogares; significa mejores condiciones para la educaci\u00f3n, la salud, la seguridad y el desarrollo comunitario. Este es un paso m\u00e1s para reducir brechas hist\u00f3ricas y acercar los servicios p\u00fablicos a donde m\u00e1s se necesitan.<\/div>\n<\/div>\n<div class=\"x14z9mp xat24cr x1lziwak x1vvkbs xtlvy1s x126k92a\">\n<div dir=\"auto\" style=\"text-align: justify;\">Seguimos trabajando, de la mano con las instituciones del Estado y las comunidades, para que el desarrollo llegue de forma justa y equitativa a Alta Verapaz.<\/div>\n<\/div>\n<div class=\"x14z9mp xat24cr x1lziwak x1vvkbs xtlvy1s x126k92a\"><\/div>\n<p>&nbsp;<\/p>\n<p>&nbsp;<\/p>\n<div><\/div>\n","protected":false},"excerpt":{"rendered":"<p>La energ\u00eda llega a m\u00e1s comunidades de Alta Verapaz Como parte del trabajo de articulaci\u00f3n territorial del Gobierno de Guatemala, se realiz\u00f3 el Proyecto de Electrificaci\u00f3n Rural impulsado por el Instituto Nacional de Electrificaci\u00f3n (INDE), beneficiando a comunidades de los municipios de Chisec y San Pedro Carch\u00e1. Desde la Gobernaci\u00f3n Departamental de Alta Verapaz, se [&hellip;]<\/p>\n","protected":false},"author":1,"featured_media":24121,"comment_status":"closed","ping_status":"open","sticky":false,"template":"","format":"gallery","meta":[],"categories":[214,1],"tags":[178],"_links":{"self":[{"href":"https:\/\/gobernacionaltaverapaz.gob.gt\/index.php?rest_route=\/wp\/v2\/posts\/24130"}],"collection":[{"href":"https:\/\/gobernacionaltaverapaz.gob.gt\/index.php?rest_route=\/wp\/v2\/posts"}],"about":[{"href":"https:\/\/gobernacionaltaverapaz.gob.gt\/index.php?rest_route=\/wp\/v2\/types\/post"}],"author":[{"embeddable":true,"href":"https:\/\/gobernacionaltaverapaz.gob.gt\/index.php?rest_route=\/wp\/v2\/users\/1"}],"replies":[{"embeddable":true,"href":"https:\/\/gobernacionaltaverapaz.gob.gt\/index.php?rest_route=%2Fwp%2Fv2%2Fcomments&post=24130"}],"version-history":[{"count":1,"href":"https:\/\/gobernacionaltaverapaz.gob.gt\/index.php?rest_route=\/wp\/v2\/posts\/24130\/revisions"}],"predecessor-version":[{"id":24131,"href":"https:\/\/gobernacionaltaverapaz.gob.gt\/index.php?rest_route=\/wp\/v2\/posts\/24130\/revisions\/24131"}],"wp:featuredmedia":[{"embeddable":true,"href":"https:\/\/gobernacionaltaverapaz.gob.gt\/index.php?rest_route=\/wp\/v2\/media\/24121"}],"wp:attachment":[{"href":"https:\/\/gobernacionaltaverapaz.gob.gt\/index.php?rest_route=%2Fwp%2Fv2%2Fmedia&parent=24130"}],"wp:term":[{"taxonomy":"category","embeddable":true,"href":"https:\/\/gobernacionaltaverapaz.gob.gt\/index.php?rest_route=%2Fwp%2Fv2%2Fcategories&post=24130"},{"taxonomy":"post_tag","embeddable":true,"href":"https:\/\/gobernacionaltaverapaz.gob.gt\/index.php?rest_route=%2Fwp%2Fv2%2Ftags&post=24130"}],"curies":[{"name":"wp","href":"https:\/\/api.w.org\/{rel}","templated":true}]}}