{"id":24149,"date":"2025-12-28T13:14:57","date_gmt":"2025-12-28T19:14:57","guid":{"rendered":"https:\/\/gobernacionaltaverapaz.gob.gt\/?p=24149"},"modified":"2026-01-11T23:34:18","modified_gmt":"2026-01-12T05:34:18","slug":"gobernadora-de-alta-verapaz-reconoce-la-labor-de-la-pnc-en-visperas-de-navidad","status":"publish","type":"post","link":"https:\/\/gobernacionaltaverapaz.gob.gt\/?p=24149","title":{"rendered":"Gobernadora de Alta Verapaz reconoce la labor de la PNC en v\u00edsperas de Navidad"},"content":{"rendered":"<div class=\"xdj266r x14z9mp xat24cr x1lziwak x1vvkbs x126k92a\">\n<div dir=\"auto\" style=\"text-align: justify;\">Alta Verapaz, 24 de diciembre. Con el objetivo de dignificar y agradecer el incansable trabajo de las fuerzas de seguridad, la Gobernadora Departamental de Alta Verapaz realiz\u00f3 una gira de visitas por las distintas subestaciones de la Polic\u00eda Nacional Civil (PNC) durante la jornada de este 24 de diciembre.<\/div>\n<\/div>\n<div class=\"x14z9mp xat24cr x1lziwak x1vvkbs xtlvy1s x126k92a\" style=\"text-align: justify;\">\n<div dir=\"auto\">Consciente de que mientras la mayor\u00eda de las familias se re\u00fanen en sus hogares, los agentes permanecen en servicio para garantizar la paz de los altaverapacenses, la Gobernadora comparti\u00f3 un momento de cercan\u00eda y solidaridad con el personal de turno.<\/div>\n<div dir=\"auto\">Como muestra de aprecio por su sacrificio y entrega, se hizo entrega de un refrigerio tradicional de la \u00e9poca a cada uno de los elementos. Los agentes pudieron disfrutar de: Tamales tradicionales, s\u00edmbolo de nuestra gastronom\u00eda navide\u00f1a, como un detalle de hermandad y celebraci\u00f3n.<\/div>\n<div dir=\"auto\">&#8220;Estamos aqu\u00ed para decirles que no est\u00e1n solos. Su trabajo es el pilar que permite que nuestras familias celebren con tranquilidad. Este peque\u00f1o presente es un s\u00edmbolo de nuestra gratitud y respeto por portar ese uniforme con honor, especialmente en estas fechas&#8221;, expres\u00f3 la Gobernadora durante su recorrido.<\/div>\n<\/div>\n<div class=\"x14z9mp xat24cr x1lziwak x1vvkbs xtlvy1s x126k92a\">\n<div dir=\"auto\" style=\"text-align: justify;\">Al finalizar cada visita, la gobernadora extendi\u00f3 un efusivo saludo de \u00a1FELIZ NAVIDAD! a todos los integrantes de la instituci\u00f3n, exhort\u00e1ndolos a seguir trabajando con integridad y compromiso por el bienestar del departamento.<\/div>\n<div dir=\"auto\" style=\"text-align: justify;\">Con estas acciones, la Gobernaci\u00f3n Departamental reafirma su compromiso de trabajar de la mano con las instituciones de seguridad, valorando siempre el recurso humano que vela por el orden p\u00fablico.<\/div>\n<div dir=\"auto\" style=\"text-align: justify;\">Una jornada que inicio a las 4 am el 24 de diciembre y culmino a las 2 am del 25 de diciembre.<\/div>\n<\/div>\n<p>&nbsp;<\/p>\n<div><\/div>\n","protected":false},"excerpt":{"rendered":"<p>Alta Verapaz, 24 de diciembre. Con el objetivo de dignificar y agradecer el incansable trabajo de las fuerzas de seguridad, la Gobernadora Departamental de Alta Verapaz realiz\u00f3 una gira de visitas por las distintas subestaciones de la Polic\u00eda Nacional Civil (PNC) durante la jornada de este 24 de diciembre. Consciente de que mientras la mayor\u00eda [&hellip;]<\/p>\n","protected":false},"author":1,"featured_media":24145,"comment_status":"closed","ping_status":"open","sticky":false,"template":"","format":"gallery","meta":[],"categories":[214,1],"tags":[178],"_links":{"self":[{"href":"https:\/\/gobernacionaltaverapaz.gob.gt\/index.php?rest_route=\/wp\/v2\/posts\/24149"}],"collection":[{"href":"https:\/\/gobernacionaltaverapaz.gob.gt\/index.php?rest_route=\/wp\/v2\/posts"}],"about":[{"href":"https:\/\/gobernacionaltaverapaz.gob.gt\/index.php?rest_route=\/wp\/v2\/types\/post"}],"author":[{"embeddable":true,"href":"https:\/\/gobernacionaltaverapaz.gob.gt\/index.php?rest_route=\/wp\/v2\/users\/1"}],"replies":[{"embeddable":true,"href":"https:\/\/gobernacionaltaverapaz.gob.gt\/index.php?rest_route=%2Fwp%2Fv2%2Fcomments&post=24149"}],"version-history":[{"count":1,"href":"https:\/\/gobernacionaltaverapaz.gob.gt\/index.php?rest_route=\/wp\/v2\/posts\/24149\/revisions"}],"predecessor-version":[{"id":24150,"href":"https:\/\/gobernacionaltaverapaz.gob.gt\/index.php?rest_route=\/wp\/v2\/posts\/24149\/revisions\/24150"}],"wp:featuredmedia":[{"embeddable":true,"href":"https:\/\/gobernacionaltaverapaz.gob.gt\/index.php?rest_route=\/wp\/v2\/media\/24145"}],"wp:attachment":[{"href":"https:\/\/gobernacionaltaverapaz.gob.gt\/index.php?rest_route=%2Fwp%2Fv2%2Fmedia&parent=24149"}],"wp:term":[{"taxonomy":"category","embeddable":true,"href":"https:\/\/gobernacionaltaverapaz.gob.gt\/index.php?rest_route=%2Fwp%2Fv2%2Fcategories&post=24149"},{"taxonomy":"post_tag","embeddable":true,"href":"https:\/\/gobernacionaltaverapaz.gob.gt\/index.php?rest_route=%2Fwp%2Fv2%2Ftags&post=24149"}],"curies":[{"name":"wp","href":"https:\/\/api.w.org\/{rel}","templated":true}]}}