{"id":24158,"date":"2025-12-29T17:41:35","date_gmt":"2025-12-29T23:41:35","guid":{"rendered":"https:\/\/gobernacionaltaverapaz.gob.gt\/?p=24158"},"modified":"2026-01-11T23:34:18","modified_gmt":"2026-01-12T05:34:18","slug":"alta-verapaz-conmemora-la-paz-con-memoria-y-reconocimiento","status":"publish","type":"post","link":"https:\/\/gobernacionaltaverapaz.gob.gt\/?p=24158","title":{"rendered":"Alta Verapaz conmemora la Paz con memoria y reconocimiento"},"content":{"rendered":"<div class=\"x14z9mp xat24cr x1lziwak x1vvkbs xtlvy1s x126k92a\">\n<div dir=\"auto\" style=\"text-align: justify;\">En el aniversario de la firma de los Acuerdos de Paz Firme y Duradera, la Gobernaci\u00f3n Departamental de Alta Verapaz realiz\u00f3 el acto simb\u00f3lico de colocaci\u00f3n de la Rosa de la Paz, reafirmando el compromiso con la memoria hist\u00f3rica y la construcci\u00f3n de una paz que se vive y se cuida todos los d\u00edas.<\/div>\n<\/div>\n<div class=\"x14z9mp xat24cr x1lziwak x1vvkbs xtlvy1s x126k92a\" style=\"text-align: justify;\">\n<div dir=\"auto\">Durante la actividad se rindi\u00f3 un reconocimiento especial a Filiberto Caal Chun, Guillermo Saquil y C\u00e9sar Guillermo Fetzer Paz, tres altaverapacenses cuya vida y trabajo han contribuido a la paz desde la educaci\u00f3n, la cultura, la comunicaci\u00f3n comunitaria y la formaci\u00f3n de nuevas generaciones.<\/div>\n<\/div>\n<div class=\"x14z9mp xat24cr x1lziwak x1vvkbs xtlvy1s x126k92a\" style=\"text-align: justify;\">\n<div dir=\"auto\">\u00a0Filiberto Caal Chun ha dedicado d\u00e9cadas a la educaci\u00f3n biling\u00fce intercultural y a la difusi\u00f3n de los derechos humanos en idioma q\u2019eqchi\u2019.<\/div>\n<div dir=\"auto\">\u00a0Guillermo Saquil ha sido maestro, comunicador y promotor incansable de la identidad cultural del pueblo q\u2019eqchi\u2019 durante m\u00e1s de 50 a\u00f1os.<\/div>\n<div dir=\"auto\">\u00a0C\u00e9sar Guillermo Fetzer Paz representa a una nueva generaci\u00f3n comprometida con la educaci\u00f3n, la salud mental y la innovaci\u00f3n social como caminos para la paz y actualmente entre los mejores 50 maestros a nivel mundial.<\/div>\n<\/div>\n<div class=\"x14z9mp xat24cr x1lziwak x1vvkbs xtlvy1s x126k92a\" style=\"text-align: justify;\">\n<div dir=\"auto\">Con la participaci\u00f3n de familiares y medios de comunicaci\u00f3n, este acto record\u00f3 que la paz no se decreta: se ense\u00f1a, se comunica y se construye desde el territorio.<\/div>\n<\/div>\n<div class=\"x14z9mp xat24cr x1lziwak x1vvkbs xtlvy1s x126k92a\" style=\"text-align: justify;\">\n<div dir=\"auto\">Adem\u00e1s de la colocaci\u00f3n de la Rosa de la Paz los homenajeados fueron reconocidos como Ciudadanos Distiguidos de Alta Verapaz, lo que qued\u00f3 en el Libro de Oro y se les entreg\u00f3 la Resoluci\u00f3n Interna de Gobernaci\u00f3n que as\u00ed lo declara. Los familiares tambi\u00e9n plasmaron su firma.<\/div>\n<\/div>\n<div class=\"x14z9mp xat24cr x1lziwak x1vvkbs xtlvy1s x126k92a\">\n<div dir=\"auto\" style=\"text-align: justify;\">Alta Verapaz honra su historia y reafirma su compromiso con una paz firme y duradera.<\/div>\n<\/div>\n<p>&nbsp;<\/p>\n<p>&nbsp;<\/p>\n<div><\/div>\n","protected":false},"excerpt":{"rendered":"<p>En el aniversario de la firma de los Acuerdos de Paz Firme y Duradera, la Gobernaci\u00f3n Departamental de Alta Verapaz realiz\u00f3 el acto simb\u00f3lico de colocaci\u00f3n de la Rosa de la Paz, reafirmando el compromiso con la memoria hist\u00f3rica y la construcci\u00f3n de una paz que se vive y se cuida todos los d\u00edas. Durante [&hellip;]<\/p>\n","protected":false},"author":1,"featured_media":24151,"comment_status":"closed","ping_status":"open","sticky":false,"template":"","format":"gallery","meta":[],"categories":[214,211],"tags":[178],"_links":{"self":[{"href":"https:\/\/gobernacionaltaverapaz.gob.gt\/index.php?rest_route=\/wp\/v2\/posts\/24158"}],"collection":[{"href":"https:\/\/gobernacionaltaverapaz.gob.gt\/index.php?rest_route=\/wp\/v2\/posts"}],"about":[{"href":"https:\/\/gobernacionaltaverapaz.gob.gt\/index.php?rest_route=\/wp\/v2\/types\/post"}],"author":[{"embeddable":true,"href":"https:\/\/gobernacionaltaverapaz.gob.gt\/index.php?rest_route=\/wp\/v2\/users\/1"}],"replies":[{"embeddable":true,"href":"https:\/\/gobernacionaltaverapaz.gob.gt\/index.php?rest_route=%2Fwp%2Fv2%2Fcomments&post=24158"}],"version-history":[{"count":1,"href":"https:\/\/gobernacionaltaverapaz.gob.gt\/index.php?rest_route=\/wp\/v2\/posts\/24158\/revisions"}],"predecessor-version":[{"id":24159,"href":"https:\/\/gobernacionaltaverapaz.gob.gt\/index.php?rest_route=\/wp\/v2\/posts\/24158\/revisions\/24159"}],"wp:featuredmedia":[{"embeddable":true,"href":"https:\/\/gobernacionaltaverapaz.gob.gt\/index.php?rest_route=\/wp\/v2\/media\/24151"}],"wp:attachment":[{"href":"https:\/\/gobernacionaltaverapaz.gob.gt\/index.php?rest_route=%2Fwp%2Fv2%2Fmedia&parent=24158"}],"wp:term":[{"taxonomy":"category","embeddable":true,"href":"https:\/\/gobernacionaltaverapaz.gob.gt\/index.php?rest_route=%2Fwp%2Fv2%2Fcategories&post=24158"},{"taxonomy":"post_tag","embeddable":true,"href":"https:\/\/gobernacionaltaverapaz.gob.gt\/index.php?rest_route=%2Fwp%2Fv2%2Ftags&post=24158"}],"curies":[{"name":"wp","href":"https:\/\/api.w.org\/{rel}","templated":true}]}}