{"id":24310,"date":"2026-01-15T14:31:47","date_gmt":"2026-01-15T20:31:47","guid":{"rendered":"https:\/\/gobernacionaltaverapaz.gob.gt\/?p=24310"},"modified":"2026-01-15T17:39:07","modified_gmt":"2026-01-15T23:39:07","slug":"alta-verapaz-fortalece-su-preparacion-ante-emergencias-con-jornada-de-coordinacion-de-la-codred","status":"publish","type":"post","link":"https:\/\/gobernacionaltaverapaz.gob.gt\/?p=24310","title":{"rendered":"Alta Verapaz fortalece su preparaci\u00f3n ante emergencias con jornada de coordinaci\u00f3n de la CODRED"},"content":{"rendered":"<p data-start=\"179\" data-end=\"344\"><strong data-start=\"179\" data-end=\"344\">En el marco del Simulacro Nacional por Sismo, instituciones del Sistema CONRED coordinan acciones para fortalecer la respuesta ante desastres en el departamento.<\/strong><\/p>\n<hr \/>\n<p data-start=\"346\" data-end=\"505\"><strong data-start=\"346\" data-end=\"390\">Cob\u00e1n, Alta Verapaz, 15 de enero de 2026<\/strong><br data-start=\"390\" data-end=\"393\" \/><strong data-start=\"393\" data-end=\"407\">Redacci\u00f3n y Fotograf\u00edas:<\/strong> Jos\u00e9 Daniel Sanchez Baeza, Comunicaci\u00f3n Social &#8211; Gobernaci\u00f3n Departamental de Alta Verapaz.<\/p>\n<hr \/>\n<p data-start=\"507\" data-end=\"841\">Este mi\u00e9rcoles 15 de enero de 2026, la Coordinadora Departamental para la Reducci\u00f3n de Desastres (CODRED) de Alta Verapaz desarroll\u00f3 una jornada de trabajo orientada a la presentaci\u00f3n de las acciones del departamento y a la coordinaci\u00f3n interinstitucional para el Simulacro Nacional por Sismo, programado para el pr\u00f3ximo 4 de febrero.<\/p>\n<p data-start=\"843\" data-end=\"1221\">Durante la reuni\u00f3n, las instituciones que integran el Sistema CONRED abordaron aspectos clave para la planificaci\u00f3n y ejecuci\u00f3n del ejercicio, entre ellos los objetivos del simulacro, la diferencia entre simulacro y simulaci\u00f3n, la estructura organizativa del Plan Nacional de Respuesta 2025 (PNR-2025), el manejo de la informaci\u00f3n, la toma de decisiones y los niveles de alerta.<\/p>\n<p data-start=\"1223\" data-end=\"1442\">Asimismo, se realiz\u00f3 la evaluaci\u00f3n del nivel de alerta del departamento, como parte del proceso de an\u00e1lisis t\u00e9cnico que permite determinar las condiciones de riesgo y fortalecer la preparaci\u00f3n ante posibles emergencias.<\/p>\n<p data-start=\"1444\" data-end=\"1771\">Estas acciones forman parte del trabajo permanente de la Gobernaci\u00f3n Departamental de Alta Verapaz, en coordinaci\u00f3n con CONRED y las instituciones que integran la CODRED, para consolidar una respuesta articulada, oportuna y eficaz ante situaciones de riesgo, priorizando la protecci\u00f3n de la vida y la seguridad de la poblaci\u00f3n.<\/p>\n<p data-start=\"1773\" data-end=\"2049\">La preparaci\u00f3n y coordinaci\u00f3n interinstitucional constituyen un eje fundamental de la gesti\u00f3n territorial del riesgo, permitiendo que el departamento est\u00e9 mejor preparado para enfrentar eventos s\u00edsmicos y otras emergencias que puedan afectar a las comunidades de Alta Verapaz.<\/p>\n<p>&nbsp;<\/p>\n<div class=\"flexslider ewic-slider-lite is_on_\" id=\"ewic-con-2430069f118beb6ebb\"><style>#ewic-con-2430069f118beb6ebb .flex-direction-nav .flex-next, #ewic-con-2430069f118beb6ebb .flex-direction-nav .flex-prev {opacity: 1;} #ewic-con-2430069f118beb6ebb .flex-direction-nav .flex-next {right: 10px !important; text-align: right !important;} #ewic-con-2430069f118beb6ebb .flex-direction-nav .flex-prev {left: 10px !important;}<\/style><div id=\"preloader-2430069f118beb6ebb\" class=\"sliderpreloader\"><\/div><ul style=\"display:none;\" class=\"slides flexslider-2430069f118beb6ebb\"><li class=\"ewic-slider\"><a href=\"https:\/\/gobernacionaltaverapaz.gob.gt\/wp-content\/uploads\/2026\/01\/MG_0070.jpg\" title=\"_MG_0070\" rel=\"ewicprettyPhoto[2430069f118beb6ebb]\"><img title=\"_MG_0070\" class=\"ewic-wid-imgs\" src=\"https:\/\/gobernacionaltaverapaz.gob.gt\/wp-content\/uploads\/2026\/01\/MG_0070.jpg\" \/><p class=\"flex-caption\">_MG_0070<\/p><\/a><\/li><li class=\"ewic-slider\"><a href=\"https:\/\/gobernacionaltaverapaz.gob.gt\/wp-content\/uploads\/2026\/01\/MG_0086.jpg\" title=\"_MG_0086\" rel=\"ewicprettyPhoto[2430069f118beb6ebb]\"><img title=\"_MG_0086\" class=\"ewic-wid-imgs\" src=\"https:\/\/gobernacionaltaverapaz.gob.gt\/wp-content\/uploads\/2026\/01\/MG_0086.jpg\" \/><p class=\"flex-caption\">_MG_0086<\/p><\/a><\/li><li class=\"ewic-slider\"><a href=\"https:\/\/gobernacionaltaverapaz.gob.gt\/wp-content\/uploads\/2026\/01\/MG_0055.jpg\" title=\"_MG_0055\" rel=\"ewicprettyPhoto[2430069f118beb6ebb]\"><img title=\"_MG_0055\" class=\"ewic-wid-imgs\" src=\"https:\/\/gobernacionaltaverapaz.gob.gt\/wp-content\/uploads\/2026\/01\/MG_0055.jpg\" \/><p class=\"flex-caption\">_MG_0055<\/p><\/a><\/li><li class=\"ewic-slider\"><a href=\"https:\/\/gobernacionaltaverapaz.gob.gt\/wp-content\/uploads\/2026\/01\/MG_0062.jpg\" title=\"_MG_0062\" rel=\"ewicprettyPhoto[2430069f118beb6ebb]\"><img title=\"_MG_0062\" class=\"ewic-wid-imgs\" src=\"https:\/\/gobernacionaltaverapaz.gob.gt\/wp-content\/uploads\/2026\/01\/MG_0062.jpg\" \/><p class=\"flex-caption\">_MG_0062<\/p><\/a><\/li><li class=\"ewic-slider\"><a href=\"https:\/\/gobernacionaltaverapaz.gob.gt\/wp-content\/uploads\/2026\/01\/MG_0067.jpg\" title=\"_MG_0067\" rel=\"ewicprettyPhoto[2430069f118beb6ebb]\"><img title=\"_MG_0067\" class=\"ewic-wid-imgs\" src=\"https:\/\/gobernacionaltaverapaz.gob.gt\/wp-content\/uploads\/2026\/01\/MG_0067.jpg\" \/><p class=\"flex-caption\">_MG_0067<\/p><\/a><\/li><li class=\"ewic-slider\"><a href=\"https:\/\/gobernacionaltaverapaz.gob.gt\/wp-content\/uploads\/2026\/01\/MG_0072.jpg\" title=\"_MG_0072\" rel=\"ewicprettyPhoto[2430069f118beb6ebb]\"><img title=\"_MG_0072\" class=\"ewic-wid-imgs\" src=\"https:\/\/gobernacionaltaverapaz.gob.gt\/wp-content\/uploads\/2026\/01\/MG_0072.jpg\" \/><p class=\"flex-caption\">_MG_0072<\/p><\/a><\/li><li class=\"ewic-slider\"><a href=\"https:\/\/gobernacionaltaverapaz.gob.gt\/wp-content\/uploads\/2026\/01\/MG_0085.jpg\" title=\"_MG_0085\" rel=\"ewicprettyPhoto[2430069f118beb6ebb]\"><img title=\"_MG_0085\" class=\"ewic-wid-imgs\" src=\"https:\/\/gobernacionaltaverapaz.gob.gt\/wp-content\/uploads\/2026\/01\/MG_0085.jpg\" \/><p class=\"flex-caption\">_MG_0085<\/p><\/a><\/li><li class=\"ewic-slider\"><a href=\"https:\/\/gobernacionaltaverapaz.gob.gt\/wp-content\/uploads\/2026\/01\/MG_0087.jpg\" title=\"_MG_0087\" rel=\"ewicprettyPhoto[2430069f118beb6ebb]\"><img title=\"_MG_0087\" class=\"ewic-wid-imgs\" src=\"https:\/\/gobernacionaltaverapaz.gob.gt\/wp-content\/uploads\/2026\/01\/MG_0087.jpg\" \/><p class=\"flex-caption\">_MG_0087<\/p><\/a><\/li><\/ul><script type=\"text\/javascript\">\r\n\tjQuery(document).ready(function($) {\r\n\r\n\t\t$(\"#preloader-2430069f118beb6ebb\").fadeOut(500, function () {\r\n\r\n\t\t\t$(\"#ewic-con-2430069f118beb6ebb\").addClass(\"ready_to_show\");\r\n\r\n\t\t\t$(\"a[rel^='ewicprettyPhoto[2430069f118beb6ebb]']\").ewcPhoto({\r\n\t\t\t\ttheme: \"ewc_default\",\r\n\t\t\t\tallow_expand: false,\r\n\t\t\t\tdeeplinking: false,\r\n\t\t\t\tslideshow:5000,\r\n\t\t\t\tautoplay_slideshow:true,\r\n\t\t\t\tsocial_tools:false\r\n\t\t\t});\r\n\r\n\t\t\t$(\".flexslider-2430069f118beb6ebb\").fadeIn(300);\r\n\r\n\t\t\t$(\"#ewic-con-2430069f118beb6ebb\").flexslider({\r\n\t\t\t\tanimation: \"slide\",\r\n\t\t\t\tanimationSpeed: 0,\r\n\t\t\t\tuseCSS: false,\r\n\t\t\t\teasing: \"easeInQuad\",\r\n\t\t\t\tdirection: \"horizontal\",\r\n\t\t\t\tslideshow: true,\r\n\t\t\t\tsmoothHeight: true,\r\n\t\t\t\tpauseOnHover: true,\r\n\t\t\t\tcontrolNav: false,\r\n\t\t\t\tprevText: \"\",\r\n\t\t\t\tnextText: \"\",\r\n\t\t\t\trtl: false,\r\n\t\t\t\tslideshowSpeed: 5000,\r\n\t\t\t\tstart: function(slider){\r\n\t\t\t\t\t$(\"#ewic-con-2430069f118beb6ebb\").find(\".flex-caption\").hide();\r\n\t\t\t\t\tvar curSlide = slider.find(\"li.flex-active-slide\");\r\n\t\t\t\t\t$(curSlide).find(\".flex-caption\").slideDown();\r\n\t\t\t\t},\r\n\t\t\t\tbefore: function(slider) {\r\n\t\t\t\t\t$(\"#ewic-con-2430069f118beb6ebb\").find(\".flex-caption\").slideUp();\r\n\t\t\t\t},\r\n\t\t\t\tafter: function(slider) {\r\n\t\t\t\t\tvar curSlide = slider.find(\"li.flex-active-slide\");\r\n\t\t\t\t\t$(curSlide).find(\".flex-caption\").slideDown();\r\n\t\t\t\t}\r\n\r\n\t\t\t});\r\n\r\n\t\t});\r\n\r\n\t});\r\n<\/script><\/div>\r\n\n","protected":false},"excerpt":{"rendered":"<p>En el marco del Simulacro Nacional por Sismo, instituciones del Sistema CONRED coordinan acciones para fortalecer la respuesta ante desastres en el departamento. Cob\u00e1n, Alta Verapaz, 15 de enero de 2026Redacci\u00f3n y Fotograf\u00edas: Jos\u00e9 Daniel Sanchez Baeza, Comunicaci\u00f3n Social &#8211; Gobernaci\u00f3n Departamental de Alta Verapaz. Este mi\u00e9rcoles 15 de enero de 2026, la Coordinadora Departamental [&hellip;]<\/p>\n","protected":false},"author":1,"featured_media":24307,"comment_status":"closed","ping_status":"open","sticky":false,"template":"","format":"standard","meta":[],"categories":[214],"tags":[],"_links":{"self":[{"href":"https:\/\/gobernacionaltaverapaz.gob.gt\/index.php?rest_route=\/wp\/v2\/posts\/24310"}],"collection":[{"href":"https:\/\/gobernacionaltaverapaz.gob.gt\/index.php?rest_route=\/wp\/v2\/posts"}],"about":[{"href":"https:\/\/gobernacionaltaverapaz.gob.gt\/index.php?rest_route=\/wp\/v2\/types\/post"}],"author":[{"embeddable":true,"href":"https:\/\/gobernacionaltaverapaz.gob.gt\/index.php?rest_route=\/wp\/v2\/users\/1"}],"replies":[{"embeddable":true,"href":"https:\/\/gobernacionaltaverapaz.gob.gt\/index.php?rest_route=%2Fwp%2Fv2%2Fcomments&post=24310"}],"version-history":[{"count":4,"href":"https:\/\/gobernacionaltaverapaz.gob.gt\/index.php?rest_route=\/wp\/v2\/posts\/24310\/revisions"}],"predecessor-version":[{"id":24314,"href":"https:\/\/gobernacionaltaverapaz.gob.gt\/index.php?rest_route=\/wp\/v2\/posts\/24310\/revisions\/24314"}],"wp:featuredmedia":[{"embeddable":true,"href":"https:\/\/gobernacionaltaverapaz.gob.gt\/index.php?rest_route=\/wp\/v2\/media\/24307"}],"wp:attachment":[{"href":"https:\/\/gobernacionaltaverapaz.gob.gt\/index.php?rest_route=%2Fwp%2Fv2%2Fmedia&parent=24310"}],"wp:term":[{"taxonomy":"category","embeddable":true,"href":"https:\/\/gobernacionaltaverapaz.gob.gt\/index.php?rest_route=%2Fwp%2Fv2%2Fcategories&post=24310"},{"taxonomy":"post_tag","embeddable":true,"href":"https:\/\/gobernacionaltaverapaz.gob.gt\/index.php?rest_route=%2Fwp%2Fv2%2Ftags&post=24310"}],"curies":[{"name":"wp","href":"https:\/\/api.w.org\/{rel}","templated":true}]}}