{"id":24324,"date":"2026-01-08T15:58:06","date_gmt":"2026-01-08T21:58:06","guid":{"rendered":"https:\/\/gobernacionaltaverapaz.gob.gt\/?p=24324"},"modified":"2026-01-15T17:30:02","modified_gmt":"2026-01-15T23:30:02","slug":"inauguracion-del-ciclo-i-2026","status":"publish","type":"post","link":"https:\/\/gobernacionaltaverapaz.gob.gt\/?p=24324","title":{"rendered":"Inauguraci\u00f3n del Ciclo I 2026"},"content":{"rendered":"<div class=\"xdj266r x14z9mp xat24cr x1lziwak x1vvkbs x126k92a\">\n<div dir=\"auto\" style=\"text-align: justify;\">La Gobernaci\u00f3n Departamental de Alta Verapaz expresa su agradecimiento a la Escuela Nacional Central de Agricultura (ENCA) por la invitaci\u00f3n y por permitirnos acompa\u00f1ar el acto inaugural del Ciclo I 2026, un espacio que reafirma el valor de la educaci\u00f3n t\u00e9cnica, la investigaci\u00f3n cient\u00edfica y el compromiso con el desarrollo rural sostenible.<\/div>\n<\/div>\n<div class=\"x14z9mp xat24cr x1lziwak x1vvkbs xtlvy1s x126k92a\" style=\"text-align: justify;\">\n<div dir=\"auto\">Desde el Gobierno Departamental reiteramos nuestro respaldo a los procesos formativos que fortalecen el talento joven, promueven la innovaci\u00f3n agr\u00edcola y contribuyen a la conservaci\u00f3n de la biodiversidad, pilares fundamentales para el desarrollo integral del territorio.<\/div>\n<\/div>\n<div class=\"x14z9mp xat24cr x1lziwak x1vvkbs xtlvy1s x126k92a\">\n<div dir=\"auto\" style=\"text-align: justify;\">Seguiremos acompa\u00f1ando y articulando esfuerzos interinstitucionales que impulsen una agricultura m\u00e1s t\u00e9cnica, responsable y con visi\u00f3n de futuro para Guatemala y, en especial, para Alta Verapaz.<\/div>\n<\/div>\n<p>&nbsp;<\/p>\n<div><\/div>\n","protected":false},"excerpt":{"rendered":"<p>La Gobernaci\u00f3n Departamental de Alta Verapaz expresa su agradecimiento a la Escuela Nacional Central de Agricultura (ENCA) por la invitaci\u00f3n y por permitirnos acompa\u00f1ar el acto inaugural del Ciclo I 2026, un espacio que reafirma el valor de la educaci\u00f3n t\u00e9cnica, la investigaci\u00f3n cient\u00edfica y el compromiso con el desarrollo rural sostenible. Desde el Gobierno [&hellip;]<\/p>\n","protected":false},"author":1,"featured_media":24316,"comment_status":"closed","ping_status":"open","sticky":false,"template":"","format":"gallery","meta":[],"categories":[183,214],"tags":[178],"_links":{"self":[{"href":"https:\/\/gobernacionaltaverapaz.gob.gt\/index.php?rest_route=\/wp\/v2\/posts\/24324"}],"collection":[{"href":"https:\/\/gobernacionaltaverapaz.gob.gt\/index.php?rest_route=\/wp\/v2\/posts"}],"about":[{"href":"https:\/\/gobernacionaltaverapaz.gob.gt\/index.php?rest_route=\/wp\/v2\/types\/post"}],"author":[{"embeddable":true,"href":"https:\/\/gobernacionaltaverapaz.gob.gt\/index.php?rest_route=\/wp\/v2\/users\/1"}],"replies":[{"embeddable":true,"href":"https:\/\/gobernacionaltaverapaz.gob.gt\/index.php?rest_route=%2Fwp%2Fv2%2Fcomments&post=24324"}],"version-history":[{"count":1,"href":"https:\/\/gobernacionaltaverapaz.gob.gt\/index.php?rest_route=\/wp\/v2\/posts\/24324\/revisions"}],"predecessor-version":[{"id":24325,"href":"https:\/\/gobernacionaltaverapaz.gob.gt\/index.php?rest_route=\/wp\/v2\/posts\/24324\/revisions\/24325"}],"wp:featuredmedia":[{"embeddable":true,"href":"https:\/\/gobernacionaltaverapaz.gob.gt\/index.php?rest_route=\/wp\/v2\/media\/24316"}],"wp:attachment":[{"href":"https:\/\/gobernacionaltaverapaz.gob.gt\/index.php?rest_route=%2Fwp%2Fv2%2Fmedia&parent=24324"}],"wp:term":[{"taxonomy":"category","embeddable":true,"href":"https:\/\/gobernacionaltaverapaz.gob.gt\/index.php?rest_route=%2Fwp%2Fv2%2Fcategories&post=24324"},{"taxonomy":"post_tag","embeddable":true,"href":"https:\/\/gobernacionaltaverapaz.gob.gt\/index.php?rest_route=%2Fwp%2Fv2%2Ftags&post=24324"}],"curies":[{"name":"wp","href":"https:\/\/api.w.org\/{rel}","templated":true}]}}