{"id":24329,"date":"2026-01-09T08:24:53","date_gmt":"2026-01-09T14:24:53","guid":{"rendered":"https:\/\/gobernacionaltaverapaz.gob.gt\/?p=24329"},"modified":"2026-01-15T17:38:18","modified_gmt":"2026-01-15T23:38:18","slug":"viceministro-del-vider-jose-antonio-lopez-se-reunio-con-la-gobernadora-de-alta-verapaz","status":"publish","type":"post","link":"https:\/\/gobernacionaltaverapaz.gob.gt\/?p=24329","title":{"rendered":"Viceministro del VIDER, Jos\u00e9 Antonio L\u00f3pez se reuni\u00f3 con la gobernadora de Alta Verapaz"},"content":{"rendered":"<div class=\"xdj266r x14z9mp xat24cr x1lziwak x1vvkbs x126k92a\">\n<div dir=\"auto\" style=\"text-align: justify;\">El viceministro del <span class=\"html-span xdj266r x14z9mp xat24cr x1lziwak xexx8yu xyri2b x18d9i69 x1c1uobl x1hl2dhg x16tdsg8 x1vvkbs\"><a class=\"x1i10hfl xjbqb8w x1ejq31n x18oe1m7 x1sy0etr xstzfhl x972fbf x10w94by x1qhh985 x14e42zd x9f619 x1ypdohk xt0psk2 x3ct3a4 xdj266r x14z9mp xat24cr x1lziwak xexx8yu xyri2b x18d9i69 x1c1uobl x16tdsg8 x1hl2dhg xggy1nq x1a2a7pz xkrqix3 x1sur9pj x1fey0fg x1s688f\" tabindex=\"0\" role=\"link\" href=\"https:\/\/www.facebook.com\/hashtag\/vider?__eep__=6&amp;__cft__[0]=AZY2116hEgK3hq2URnU7z9DY7NqLdCNXximoAg4lr3-tU4lQSVcZtxVlbg74uRTHRsck4ZT-PJdW4S-1RB06pyR0PHcKwz0mPcaCB7dPdBc8s9wPeCFMYBa1BbyO2mQv0HeS8Uc8SMk1hul-QPPTcETwtdreBeZFn1fwRYC-vs-PY0o17Gr8tavgeLB9iuERSni66Um2Er-tJ-7nzjcHlMDT--0IyjLggI_fdoqaGoJOCQ&amp;__tn__=*NK-y-R\">#VIDER<\/a><\/span>, Jos\u00e9 Antonio L\u00f3pez se reuni\u00f3 con la gobernadora de Alta Verapaz, Dilia Margarita C\u00f3 para coordinar acciones y acercar los programas de esta cartera a las comunidades del departamento.<\/div>\n<\/div>\n<div class=\"x14z9mp xat24cr x1lziwak x1vvkbs xtlvy1s x126k92a\" style=\"text-align: justify;\">\n<div dir=\"auto\">El di\u00e1logo permiti\u00f3 definir prioridades como riego, semillas y asistencia t\u00e9cnica, claves para fortalecer la producci\u00f3n y la seguridad alimentaria.<\/div>\n<\/div>\n<div class=\"x14z9mp xat24cr x1lziwak x1vvkbs xtlvy1s x126k92a\">\n<div dir=\"auto\" style=\"text-align: justify;\">Como resultado de la reuni\u00f3n se refrend\u00f3 el compromiso de seguir trabajando en el territorio, de forma articulada, para generar oportunidades y mejorar la calidad de vida de las familias rurales.<\/div>\n<\/div>\n<p>&nbsp;<\/p>\n<p>&nbsp;<\/p>\n<div><\/div>\n","protected":false},"excerpt":{"rendered":"<p>El viceministro del #VIDER, Jos\u00e9 Antonio L\u00f3pez se reuni\u00f3 con la gobernadora de Alta Verapaz, Dilia Margarita C\u00f3 para coordinar acciones y acercar los programas de esta cartera a las comunidades del departamento. El di\u00e1logo permiti\u00f3 definir prioridades como riego, semillas y asistencia t\u00e9cnica, claves para fortalecer la producci\u00f3n y la seguridad alimentaria. Como resultado [&hellip;]<\/p>\n","protected":false},"author":1,"featured_media":24326,"comment_status":"closed","ping_status":"open","sticky":false,"template":"","format":"gallery","meta":[],"categories":[183,214],"tags":[178],"_links":{"self":[{"href":"https:\/\/gobernacionaltaverapaz.gob.gt\/index.php?rest_route=\/wp\/v2\/posts\/24329"}],"collection":[{"href":"https:\/\/gobernacionaltaverapaz.gob.gt\/index.php?rest_route=\/wp\/v2\/posts"}],"about":[{"href":"https:\/\/gobernacionaltaverapaz.gob.gt\/index.php?rest_route=\/wp\/v2\/types\/post"}],"author":[{"embeddable":true,"href":"https:\/\/gobernacionaltaverapaz.gob.gt\/index.php?rest_route=\/wp\/v2\/users\/1"}],"replies":[{"embeddable":true,"href":"https:\/\/gobernacionaltaverapaz.gob.gt\/index.php?rest_route=%2Fwp%2Fv2%2Fcomments&post=24329"}],"version-history":[{"count":1,"href":"https:\/\/gobernacionaltaverapaz.gob.gt\/index.php?rest_route=\/wp\/v2\/posts\/24329\/revisions"}],"predecessor-version":[{"id":24330,"href":"https:\/\/gobernacionaltaverapaz.gob.gt\/index.php?rest_route=\/wp\/v2\/posts\/24329\/revisions\/24330"}],"wp:featuredmedia":[{"embeddable":true,"href":"https:\/\/gobernacionaltaverapaz.gob.gt\/index.php?rest_route=\/wp\/v2\/media\/24326"}],"wp:attachment":[{"href":"https:\/\/gobernacionaltaverapaz.gob.gt\/index.php?rest_route=%2Fwp%2Fv2%2Fmedia&parent=24329"}],"wp:term":[{"taxonomy":"category","embeddable":true,"href":"https:\/\/gobernacionaltaverapaz.gob.gt\/index.php?rest_route=%2Fwp%2Fv2%2Fcategories&post=24329"},{"taxonomy":"post_tag","embeddable":true,"href":"https:\/\/gobernacionaltaverapaz.gob.gt\/index.php?rest_route=%2Fwp%2Fv2%2Ftags&post=24329"}],"curies":[{"name":"wp","href":"https:\/\/api.w.org\/{rel}","templated":true}]}}