{"id":24353,"date":"2026-01-17T12:11:52","date_gmt":"2026-01-17T18:11:52","guid":{"rendered":"https:\/\/gobernacionaltaverapaz.gob.gt\/?p=24353"},"modified":"2026-01-17T12:15:09","modified_gmt":"2026-01-17T18:15:09","slug":"inauguran-centro-comunitario-de-salud-en-la-aldea-campur-chimelb-lanquin","status":"publish","type":"post","link":"https:\/\/gobernacionaltaverapaz.gob.gt\/?p=24353","title":{"rendered":"Inauguran Centro Comunitario de Salud en la aldea Campur Chimelb, Lanqu\u00edn"},"content":{"rendered":"<p data-start=\"313\" data-end=\"432\"><strong data-start=\"313\" data-end=\"432\">La obra fortalecer\u00e1 el acceso a servicios de salud para comunidades rurales del municipio de Lanqu\u00edn, Alta Verapaz.<\/strong><\/p>\n<p data-start=\"434\" data-end=\"615\"><strong data-start=\"434\" data-end=\"489\">Lanqu\u00edn, Alta Verapaz, viernes 16 de enero de 2026.<\/strong><br data-start=\"489\" data-end=\"492\" \/><strong data-start=\"492\" data-end=\"506\">Redacci\u00f3n:<\/strong> Jos\u00e9 Daniel Sanchez Baeza<br data-start=\"526\" data-end=\"529\" \/><strong data-start=\"529\" data-end=\"544\">Fotograf\u00eda:<\/strong> Gobernaci\u00f3n Departamental de Alta Verapaz.<\/p>\n<p data-start=\"617\" data-end=\"1009\">En cumplimiento de sus funciones como Presidenta del Consejo Departamental de Desarrollo (CODEDE), la Gobernadora Departamental de Alta Verapaz particip\u00f3 en la inauguraci\u00f3n del Centro Comunitario de Salud de la aldea Campur Chimelb, en el municipio de <strong data-start=\"869\" data-end=\"910\"><span class=\"hover:entity-accent entity-underline inline cursor-pointer align-baseline\"><span class=\"whitespace-normal\">Lanqu\u00edn<\/span><\/span><\/strong>, una obra que fortalecer\u00e1 el acceso a servicios b\u00e1sicos de salud para la poblaci\u00f3n del \u00e1rea rural.<\/p>\n<p data-start=\"1011\" data-end=\"1261\">El nuevo centro comunitario de salud permitir\u00e1 atender a m\u00e1s de 600 personas, incluyendo a habitantes de la aldea Campur Chimelb y de cinco comunidades aleda\u00f1as, quienes anteriormente deb\u00edan trasladarse largas distancias para recibir atenci\u00f3n m\u00e9dica.<\/p>\n<p data-start=\"1263\" data-end=\"1564\">El proyecto fue ejecutado por la <strong data-start=\"1296\" data-end=\"1337\"><span class=\"hover:entity-accent entity-underline inline cursor-pointer align-baseline\"><span class=\"whitespace-normal\">Municipalidad de Lanqu\u00edn<\/span><\/span><\/strong>, a trav\u00e9s del sistema de Consejos de Desarrollo, como parte de los proyectos ordinarios del sector Salud y Asistencia Social. La obra cuenta con una infraestructura de 383 metros cuadrados y alcanz\u00f3 un avance f\u00edsico del 100 %.<\/p>\n<p data-start=\"1566\" data-end=\"1792\">El centro comunitario dispone de equipamiento completo, \u00e1rea quir\u00fargica y un sistema de energ\u00eda solar, lo que permitir\u00e1 brindar atenci\u00f3n m\u00e9dica continua y fortalecer la capacidad de respuesta del sistema de salud en la regi\u00f3n.<\/p>\n<p data-start=\"1794\" data-end=\"2110\">Durante la actividad se resalt\u00f3 la coordinaci\u00f3n entre la Municipalidad de Lanqu\u00edn, los Consejos Comunitarios de Desarrollo, el <strong data-start=\"1921\" data-end=\"1962\"><span class=\"hover:entity-accent entity-underline inline cursor-pointer align-baseline\"><span class=\"whitespace-normal\">Ministerio de Salud P\u00fablica y Asistencia Social<\/span><\/span><\/strong> y las autoridades departamentales, como un elemento clave para concretar proyectos que responden a las necesidades prioritarias de las comunidades.<\/p>\n<p data-start=\"2112\" data-end=\"2479\">El <strong data-start=\"2115\" data-end=\"2156\"><span class=\"hover:entity-accent entity-underline inline cursor-pointer align-baseline\"><span class=\"whitespace-normal\">Gobierno de Guatemala<\/span><\/span><\/strong>, a trav\u00e9s de la articulaci\u00f3n entre los gobiernos municipales, los Consejos de Desarrollo y las instituciones del sector salud, contin\u00faa impulsando proyectos que fortalecen la atenci\u00f3n m\u00e9dica y mejoran la calidad de vida de las familias de Alta Verapaz, respondiendo con trabajo y resultados a las demandas de la poblaci\u00f3n.<\/p>\n<p><strong data-start=\"313\" data-end=\"432\"><div class=\"flexslider ewic-slider-lite is_on_\" id=\"ewic-con-2435569f11808f2979\"><style>#ewic-con-2435569f11808f2979 .flex-direction-nav .flex-next, #ewic-con-2435569f11808f2979 .flex-direction-nav .flex-prev {opacity: 1;} #ewic-con-2435569f11808f2979 .flex-direction-nav .flex-next {right: 10px !important; text-align: right !important;} #ewic-con-2435569f11808f2979 .flex-direction-nav .flex-prev {left: 10px !important;}<\/style><div id=\"preloader-2435569f11808f2979\" class=\"sliderpreloader\"><\/div><ul style=\"display:none;\" class=\"slides flexslider-2435569f11808f2979\"><li class=\"ewic-slider\"><a href=\"https:\/\/gobernacionaltaverapaz.gob.gt\/wp-content\/uploads\/2026\/01\/IMG_0161.jpg\" title=\"IMG_0161\" rel=\"ewicprettyPhoto[2435569f11808f2979]\"><img title=\"IMG_0161\" class=\"ewic-wid-imgs\" src=\"https:\/\/gobernacionaltaverapaz.gob.gt\/wp-content\/uploads\/2026\/01\/IMG_0161.jpg\" \/><p class=\"flex-caption\">IMG_0161<\/p><\/a><\/li><li class=\"ewic-slider\"><a href=\"https:\/\/gobernacionaltaverapaz.gob.gt\/wp-content\/uploads\/2026\/01\/IMG_0196.jpg\" title=\"IMG_0196\" rel=\"ewicprettyPhoto[2435569f11808f2979]\"><img title=\"IMG_0196\" class=\"ewic-wid-imgs\" src=\"https:\/\/gobernacionaltaverapaz.gob.gt\/wp-content\/uploads\/2026\/01\/IMG_0196.jpg\" \/><p class=\"flex-caption\">IMG_0196<\/p><\/a><\/li><li class=\"ewic-slider\"><a href=\"https:\/\/gobernacionaltaverapaz.gob.gt\/wp-content\/uploads\/2026\/01\/IMG_0191.jpg\" title=\"IMG_0191\" rel=\"ewicprettyPhoto[2435569f11808f2979]\"><img title=\"IMG_0191\" class=\"ewic-wid-imgs\" src=\"https:\/\/gobernacionaltaverapaz.gob.gt\/wp-content\/uploads\/2026\/01\/IMG_0191.jpg\" \/><p class=\"flex-caption\">IMG_0191<\/p><\/a><\/li><li class=\"ewic-slider\"><a href=\"https:\/\/gobernacionaltaverapaz.gob.gt\/wp-content\/uploads\/2026\/01\/IMG_0190.jpg\" title=\"IMG_0190\" rel=\"ewicprettyPhoto[2435569f11808f2979]\"><img title=\"IMG_0190\" class=\"ewic-wid-imgs\" src=\"https:\/\/gobernacionaltaverapaz.gob.gt\/wp-content\/uploads\/2026\/01\/IMG_0190.jpg\" \/><p class=\"flex-caption\">IMG_0190<\/p><\/a><\/li><li class=\"ewic-slider\"><a href=\"https:\/\/gobernacionaltaverapaz.gob.gt\/wp-content\/uploads\/2026\/01\/IMG_0181.jpg\" title=\"IMG_0181\" rel=\"ewicprettyPhoto[2435569f11808f2979]\"><img title=\"IMG_0181\" class=\"ewic-wid-imgs\" src=\"https:\/\/gobernacionaltaverapaz.gob.gt\/wp-content\/uploads\/2026\/01\/IMG_0181.jpg\" \/><p class=\"flex-caption\">IMG_0181<\/p><\/a><\/li><li class=\"ewic-slider\"><a href=\"https:\/\/gobernacionaltaverapaz.gob.gt\/wp-content\/uploads\/2026\/01\/IMG_0171.jpg\" title=\"IMG_0171\" rel=\"ewicprettyPhoto[2435569f11808f2979]\"><img title=\"IMG_0171\" class=\"ewic-wid-imgs\" src=\"https:\/\/gobernacionaltaverapaz.gob.gt\/wp-content\/uploads\/2026\/01\/IMG_0171.jpg\" \/><p class=\"flex-caption\">IMG_0171<\/p><\/a><\/li><li class=\"ewic-slider\"><a href=\"https:\/\/gobernacionaltaverapaz.gob.gt\/wp-content\/uploads\/2026\/01\/IMG_0138.jpg\" title=\"IMG_0138\" rel=\"ewicprettyPhoto[2435569f11808f2979]\"><img title=\"IMG_0138\" class=\"ewic-wid-imgs\" src=\"https:\/\/gobernacionaltaverapaz.gob.gt\/wp-content\/uploads\/2026\/01\/IMG_0138.jpg\" \/><p class=\"flex-caption\">IMG_0138<\/p><\/a><\/li><li class=\"ewic-slider\"><a href=\"https:\/\/gobernacionaltaverapaz.gob.gt\/wp-content\/uploads\/2026\/01\/IMG_0127.jpg\" title=\"IMG_0127\" rel=\"ewicprettyPhoto[2435569f11808f2979]\"><img title=\"IMG_0127\" class=\"ewic-wid-imgs\" src=\"https:\/\/gobernacionaltaverapaz.gob.gt\/wp-content\/uploads\/2026\/01\/IMG_0127.jpg\" \/><p class=\"flex-caption\">IMG_0127<\/p><\/a><\/li><li class=\"ewic-slider\"><a href=\"https:\/\/gobernacionaltaverapaz.gob.gt\/wp-content\/uploads\/2026\/01\/IMG_0124.jpg\" title=\"IMG_0124\" rel=\"ewicprettyPhoto[2435569f11808f2979]\"><img title=\"IMG_0124\" class=\"ewic-wid-imgs\" src=\"https:\/\/gobernacionaltaverapaz.gob.gt\/wp-content\/uploads\/2026\/01\/IMG_0124.jpg\" \/><p class=\"flex-caption\">IMG_0124<\/p><\/a><\/li><li class=\"ewic-slider\"><a href=\"https:\/\/gobernacionaltaverapaz.gob.gt\/wp-content\/uploads\/2026\/01\/IMG_0116.jpg\" title=\"IMG_0116\" rel=\"ewicprettyPhoto[2435569f11808f2979]\"><img title=\"IMG_0116\" class=\"ewic-wid-imgs\" src=\"https:\/\/gobernacionaltaverapaz.gob.gt\/wp-content\/uploads\/2026\/01\/IMG_0116.jpg\" \/><p class=\"flex-caption\">IMG_0116<\/p><\/a><\/li><\/ul><script type=\"text\/javascript\">\r\n\tjQuery(document).ready(function($) {\r\n\r\n\t\t$(\"#preloader-2435569f11808f2979\").fadeOut(500, function () {\r\n\r\n\t\t\t$(\"#ewic-con-2435569f11808f2979\").addClass(\"ready_to_show\");\r\n\r\n\t\t\t$(\"a[rel^='ewicprettyPhoto[2435569f11808f2979]']\").ewcPhoto({\r\n\t\t\t\ttheme: \"ewc_default\",\r\n\t\t\t\tallow_expand: false,\r\n\t\t\t\tdeeplinking: false,\r\n\t\t\t\tslideshow:5000,\r\n\t\t\t\tautoplay_slideshow:true,\r\n\t\t\t\tsocial_tools:false\r\n\t\t\t});\r\n\r\n\t\t\t$(\".flexslider-2435569f11808f2979\").fadeIn(300);\r\n\r\n\t\t\t$(\"#ewic-con-2435569f11808f2979\").flexslider({\r\n\t\t\t\tanimation: \"slide\",\r\n\t\t\t\tanimationSpeed: 0,\r\n\t\t\t\tuseCSS: false,\r\n\t\t\t\teasing: \"easeInQuad\",\r\n\t\t\t\tdirection: \"horizontal\",\r\n\t\t\t\tslideshow: true,\r\n\t\t\t\tsmoothHeight: true,\r\n\t\t\t\tpauseOnHover: true,\r\n\t\t\t\tcontrolNav: false,\r\n\t\t\t\tprevText: \"\",\r\n\t\t\t\tnextText: \"\",\r\n\t\t\t\trtl: false,\r\n\t\t\t\tslideshowSpeed: 5000,\r\n\t\t\t\tstart: function(slider){\r\n\t\t\t\t\t$(\"#ewic-con-2435569f11808f2979\").find(\".flex-caption\").hide();\r\n\t\t\t\t\tvar curSlide = slider.find(\"li.flex-active-slide\");\r\n\t\t\t\t\t$(curSlide).find(\".flex-caption\").slideDown();\r\n\t\t\t\t},\r\n\t\t\t\tbefore: function(slider) {\r\n\t\t\t\t\t$(\"#ewic-con-2435569f11808f2979\").find(\".flex-caption\").slideUp();\r\n\t\t\t\t},\r\n\t\t\t\tafter: function(slider) {\r\n\t\t\t\t\tvar curSlide = slider.find(\"li.flex-active-slide\");\r\n\t\t\t\t\t$(curSlide).find(\".flex-caption\").slideDown();\r\n\t\t\t\t}\r\n\r\n\t\t\t});\r\n\r\n\t\t});\r\n\r\n\t});\r\n<\/script><\/div>\r\n<\/strong><\/p>\n","protected":false},"excerpt":{"rendered":"<p>La obra fortalecer\u00e1 el acceso a servicios de salud para comunidades rurales del municipio de Lanqu\u00edn, Alta Verapaz. Lanqu\u00edn, Alta Verapaz, viernes 16 de enero de 2026.Redacci\u00f3n: Jos\u00e9 Daniel Sanchez BaezaFotograf\u00eda: Gobernaci\u00f3n Departamental de Alta Verapaz. En cumplimiento de sus funciones como Presidenta del Consejo Departamental de Desarrollo (CODEDE), la Gobernadora Departamental de Alta Verapaz [&hellip;]<\/p>\n","protected":false},"author":3,"featured_media":24347,"comment_status":"closed","ping_status":"open","sticky":false,"template":"","format":"standard","meta":[],"categories":[214],"tags":[],"_links":{"self":[{"href":"https:\/\/gobernacionaltaverapaz.gob.gt\/index.php?rest_route=\/wp\/v2\/posts\/24353"}],"collection":[{"href":"https:\/\/gobernacionaltaverapaz.gob.gt\/index.php?rest_route=\/wp\/v2\/posts"}],"about":[{"href":"https:\/\/gobernacionaltaverapaz.gob.gt\/index.php?rest_route=\/wp\/v2\/types\/post"}],"author":[{"embeddable":true,"href":"https:\/\/gobernacionaltaverapaz.gob.gt\/index.php?rest_route=\/wp\/v2\/users\/3"}],"replies":[{"embeddable":true,"href":"https:\/\/gobernacionaltaverapaz.gob.gt\/index.php?rest_route=%2Fwp%2Fv2%2Fcomments&post=24353"}],"version-history":[{"count":3,"href":"https:\/\/gobernacionaltaverapaz.gob.gt\/index.php?rest_route=\/wp\/v2\/posts\/24353\/revisions"}],"predecessor-version":[{"id":24358,"href":"https:\/\/gobernacionaltaverapaz.gob.gt\/index.php?rest_route=\/wp\/v2\/posts\/24353\/revisions\/24358"}],"wp:featuredmedia":[{"embeddable":true,"href":"https:\/\/gobernacionaltaverapaz.gob.gt\/index.php?rest_route=\/wp\/v2\/media\/24347"}],"wp:attachment":[{"href":"https:\/\/gobernacionaltaverapaz.gob.gt\/index.php?rest_route=%2Fwp%2Fv2%2Fmedia&parent=24353"}],"wp:term":[{"taxonomy":"category","embeddable":true,"href":"https:\/\/gobernacionaltaverapaz.gob.gt\/index.php?rest_route=%2Fwp%2Fv2%2Fcategories&post=24353"},{"taxonomy":"post_tag","embeddable":true,"href":"https:\/\/gobernacionaltaverapaz.gob.gt\/index.php?rest_route=%2Fwp%2Fv2%2Ftags&post=24353"}],"curies":[{"name":"wp","href":"https:\/\/api.w.org\/{rel}","templated":true}]}}