{"id":24361,"date":"2026-01-17T12:44:18","date_gmt":"2026-01-17T18:44:18","guid":{"rendered":"https:\/\/gobernacionaltaverapaz.gob.gt\/?p=24361"},"modified":"2026-01-17T13:03:58","modified_gmt":"2026-01-17T19:03:58","slug":"gobernacion-departamental-acompana-acciones-de-fortalecimiento-educativo-en-alta-verapaz","status":"publish","type":"post","link":"https:\/\/gobernacionaltaverapaz.gob.gt\/?p=24361","title":{"rendered":"Gobernaci\u00f3n Departamental acompa\u00f1a acciones de fortalecimiento educativo en Alta Verapaz"},"content":{"rendered":"<p data-start=\"359\" data-end=\"522\"><strong data-start=\"359\" data-end=\"522\">El acompa\u00f1amiento interinstitucional respalda los procesos impulsados por el Ministerio de Educaci\u00f3n para fortalecer la supervisi\u00f3n educativa en el territorio.<\/strong><\/p>\n<p data-start=\"524\" data-end=\"699\"><strong data-start=\"524\" data-end=\"574\">Alta Verapaz, Viernes 16 de Enero 2026<\/strong><strong data-start=\"524\" data-end=\"574\">.<\/strong><br data-start=\"574\" data-end=\"577\" \/><strong data-start=\"577\" data-end=\"591\">Redacci\u00f3n:<\/strong> Jos\u00e9 Daniel Sanchez Baeza<br data-start=\"611\" data-end=\"614\" \/><strong data-start=\"614\" data-end=\"629\">Fotograf\u00eda e Informaci\u00f3n: DIDEDUCAV\u00a0<\/strong><\/p>\n<p data-start=\"701\" data-end=\"1037\">La <strong data-start=\"704\" data-end=\"745\"><span class=\"hover:entity-accent entity-underline inline cursor-pointer align-baseline\"><span class=\"whitespace-normal\">Gobernaci\u00f3n Departamental de Alta Verapaz<\/span><\/span><\/strong> brind\u00f3 acompa\u00f1amiento institucional a una jornada desarrollada por la Direcci\u00f3n Departamental de Educaci\u00f3n de Alta Verapaz (DIDEDUCAV), orientada al fortalecimiento de la supervisi\u00f3n educativa y al acercamiento de los servicios del Ministerio de Educaci\u00f3n a las comunidades del departamento.<\/p>\n<p data-start=\"1039\" data-end=\"1339\">Durante la actividad, el Director Departamental de Educaci\u00f3n present\u00f3 la <strong data-start=\"1112\" data-end=\"1168\">redistritaci\u00f3n de la Franja de Supervisi\u00f3n Educativa<\/strong>, con el objetivo de lograr un acompa\u00f1amiento m\u00e1s eficiente, efectivo y cercano a directores, docentes y estudiantes en los distintos distritos educativos de Alta Verapaz.<\/p>\n<p data-start=\"1341\" data-end=\"1649\">Asimismo, los subdirectores de Fortalecimiento a la Comunidad Educativa, T\u00e9cnico Pedag\u00f3gico y Administrativo Financiero dieron a conocer los programas y procesos que impulsa el <strong data-start=\"1518\" data-end=\"1559\"><span class=\"hover:entity-accent entity-underline inline cursor-pointer align-baseline\"><span class=\"whitespace-normal\">Ministerio de Educaci\u00f3n<\/span><\/span><\/strong>, enfocados en el bienestar y desarrollo integral de la ni\u00f1ez y juventud del departamento.<\/p>\n<p data-start=\"1651\" data-end=\"2017\">Como parte de la jornada, se realiz\u00f3 la presentaci\u00f3n oficial de los enlaces de la Franja de Supervisi\u00f3n Educativa y de los enlaces regionales, quienes entregaron las resoluciones correspondientes a Supervisores, Coordinadores Distritales y Comisionados Temporales de Administraci\u00f3n Educativa, fortaleciendo as\u00ed los procesos de supervisi\u00f3n y acompa\u00f1amiento educativo.<\/p>\n<p data-start=\"2019\" data-end=\"2376\">El <strong data-start=\"2022\" data-end=\"2063\"><span class=\"hover:entity-accent entity-underline inline cursor-pointer align-baseline\"><span class=\"whitespace-normal\">Gobierno de Guatemala<\/span><\/span><\/strong>, a trav\u00e9s de la Gobernaci\u00f3n Departamental de Alta Verapaz, contin\u00faa acompa\u00f1ando los esfuerzos del Ministerio de Educaci\u00f3n y sus dependencias, promoviendo la coordinaci\u00f3n interinstitucional y el fortalecimiento de la presencia del Estado en las comunidades, en beneficio del desarrollo educativo del departamento.<\/p>\n<p data-start=\"2019\" data-end=\"2376\"><div class=\"flexslider ewic-slider-lite is_on_\" id=\"ewic-con-2437069f11808bd907\"><style>#ewic-con-2437069f11808bd907 .flex-direction-nav .flex-next, #ewic-con-2437069f11808bd907 .flex-direction-nav .flex-prev {opacity: 1;} #ewic-con-2437069f11808bd907 .flex-direction-nav .flex-next {right: 10px !important; text-align: right !important;} #ewic-con-2437069f11808bd907 .flex-direction-nav .flex-prev {left: 10px !important;}<\/style><div id=\"preloader-2437069f11808bd907\" class=\"sliderpreloader\"><\/div><ul style=\"display:none;\" class=\"slides flexslider-2437069f11808bd907\"><li class=\"ewic-slider\"><a href=\"https:\/\/gobernacionaltaverapaz.gob.gt\/wp-content\/uploads\/2026\/01\/imagen-5.jpg\" title=\"Imagen 5\" rel=\"ewicprettyPhoto[2437069f11808bd907]\"><img title=\"Imagen 5\" class=\"ewic-wid-imgs\" src=\"https:\/\/gobernacionaltaverapaz.gob.gt\/wp-content\/uploads\/2026\/01\/imagen-5.jpg\" \/><p class=\"flex-caption\">Imagen 5<\/p><\/a><\/li><li class=\"ewic-slider\"><a href=\"https:\/\/gobernacionaltaverapaz.gob.gt\/wp-content\/uploads\/2026\/01\/imagen-4.jpg\" title=\"Imagen 4\" rel=\"ewicprettyPhoto[2437069f11808bd907]\"><img title=\"Imagen 4\" class=\"ewic-wid-imgs\" src=\"https:\/\/gobernacionaltaverapaz.gob.gt\/wp-content\/uploads\/2026\/01\/imagen-4.jpg\" \/><p class=\"flex-caption\">Imagen 4<\/p><\/a><\/li><li class=\"ewic-slider\"><a href=\"https:\/\/gobernacionaltaverapaz.gob.gt\/wp-content\/uploads\/2026\/01\/imagen-3.jpg\" title=\"Imagen 3\" rel=\"ewicprettyPhoto[2437069f11808bd907]\"><img title=\"Imagen 3\" class=\"ewic-wid-imgs\" src=\"https:\/\/gobernacionaltaverapaz.gob.gt\/wp-content\/uploads\/2026\/01\/imagen-3.jpg\" \/><p class=\"flex-caption\">Imagen 3<\/p><\/a><\/li><li class=\"ewic-slider\"><a href=\"https:\/\/gobernacionaltaverapaz.gob.gt\/wp-content\/uploads\/2026\/01\/imagen-2.jpg\" title=\"Imagen 2\" rel=\"ewicprettyPhoto[2437069f11808bd907]\"><img title=\"Imagen 2\" class=\"ewic-wid-imgs\" src=\"https:\/\/gobernacionaltaverapaz.gob.gt\/wp-content\/uploads\/2026\/01\/imagen-2.jpg\" \/><p class=\"flex-caption\">Imagen 2<\/p><\/a><\/li><li class=\"ewic-slider\"><a href=\"https:\/\/gobernacionaltaverapaz.gob.gt\/wp-content\/uploads\/2026\/01\/imagen-1.jpg\" title=\"Dideducav\" rel=\"ewicprettyPhoto[2437069f11808bd907]\"><img title=\"Dideducav\" class=\"ewic-wid-imgs\" src=\"https:\/\/gobernacionaltaverapaz.gob.gt\/wp-content\/uploads\/2026\/01\/imagen-1.jpg\" \/><p class=\"flex-caption\">Dideducav<\/p><\/a><\/li><\/ul><script type=\"text\/javascript\">\r\n\tjQuery(document).ready(function($) {\r\n\r\n\t\t$(\"#preloader-2437069f11808bd907\").fadeOut(500, function () {\r\n\r\n\t\t\t$(\"#ewic-con-2437069f11808bd907\").addClass(\"ready_to_show\");\r\n\r\n\t\t\t$(\"a[rel^='ewicprettyPhoto[2437069f11808bd907]']\").ewcPhoto({\r\n\t\t\t\ttheme: \"ewc_default\",\r\n\t\t\t\tallow_expand: false,\r\n\t\t\t\tdeeplinking: false,\r\n\t\t\t\tslideshow:5000,\r\n\t\t\t\tautoplay_slideshow:true,\r\n\t\t\t\tsocial_tools:false\r\n\t\t\t});\r\n\r\n\t\t\t$(\".flexslider-2437069f11808bd907\").fadeIn(300);\r\n\r\n\t\t\t$(\"#ewic-con-2437069f11808bd907\").flexslider({\r\n\t\t\t\tanimation: \"slide\",\r\n\t\t\t\tanimationSpeed: 0,\r\n\t\t\t\tuseCSS: false,\r\n\t\t\t\teasing: \"easeInQuad\",\r\n\t\t\t\tdirection: \"horizontal\",\r\n\t\t\t\tslideshow: true,\r\n\t\t\t\tsmoothHeight: true,\r\n\t\t\t\tpauseOnHover: true,\r\n\t\t\t\tcontrolNav: false,\r\n\t\t\t\tprevText: \"\",\r\n\t\t\t\tnextText: \"\",\r\n\t\t\t\trtl: false,\r\n\t\t\t\tslideshowSpeed: 5000,\r\n\t\t\t\tstart: function(slider){\r\n\t\t\t\t\t$(\"#ewic-con-2437069f11808bd907\").find(\".flex-caption\").hide();\r\n\t\t\t\t\tvar curSlide = slider.find(\"li.flex-active-slide\");\r\n\t\t\t\t\t$(curSlide).find(\".flex-caption\").slideDown();\r\n\t\t\t\t},\r\n\t\t\t\tbefore: function(slider) {\r\n\t\t\t\t\t$(\"#ewic-con-2437069f11808bd907\").find(\".flex-caption\").slideUp();\r\n\t\t\t\t},\r\n\t\t\t\tafter: function(slider) {\r\n\t\t\t\t\tvar curSlide = slider.find(\"li.flex-active-slide\");\r\n\t\t\t\t\t$(curSlide).find(\".flex-caption\").slideDown();\r\n\t\t\t\t}\r\n\r\n\t\t\t});\r\n\r\n\t\t});\r\n\r\n\t});\r\n<\/script><\/div>\r\n<\/p>\n","protected":false},"excerpt":{"rendered":"<p>El acompa\u00f1amiento interinstitucional respalda los procesos impulsados por el Ministerio de Educaci\u00f3n para fortalecer la supervisi\u00f3n educativa en el territorio. Alta Verapaz, Viernes 16 de Enero 2026.Redacci\u00f3n: Jos\u00e9 Daniel Sanchez BaezaFotograf\u00eda e Informaci\u00f3n: DIDEDUCAV\u00a0 La Gobernaci\u00f3n Departamental de Alta Verapaz brind\u00f3 acompa\u00f1amiento institucional a una jornada desarrollada por la Direcci\u00f3n Departamental de Educaci\u00f3n de Alta [&hellip;]<\/p>\n","protected":false},"author":3,"featured_media":24363,"comment_status":"closed","ping_status":"open","sticky":false,"template":"","format":"standard","meta":[],"categories":[214],"tags":[],"_links":{"self":[{"href":"https:\/\/gobernacionaltaverapaz.gob.gt\/index.php?rest_route=\/wp\/v2\/posts\/24361"}],"collection":[{"href":"https:\/\/gobernacionaltaverapaz.gob.gt\/index.php?rest_route=\/wp\/v2\/posts"}],"about":[{"href":"https:\/\/gobernacionaltaverapaz.gob.gt\/index.php?rest_route=\/wp\/v2\/types\/post"}],"author":[{"embeddable":true,"href":"https:\/\/gobernacionaltaverapaz.gob.gt\/index.php?rest_route=\/wp\/v2\/users\/3"}],"replies":[{"embeddable":true,"href":"https:\/\/gobernacionaltaverapaz.gob.gt\/index.php?rest_route=%2Fwp%2Fv2%2Fcomments&post=24361"}],"version-history":[{"count":6,"href":"https:\/\/gobernacionaltaverapaz.gob.gt\/index.php?rest_route=\/wp\/v2\/posts\/24361\/revisions"}],"predecessor-version":[{"id":24374,"href":"https:\/\/gobernacionaltaverapaz.gob.gt\/index.php?rest_route=\/wp\/v2\/posts\/24361\/revisions\/24374"}],"wp:featuredmedia":[{"embeddable":true,"href":"https:\/\/gobernacionaltaverapaz.gob.gt\/index.php?rest_route=\/wp\/v2\/media\/24363"}],"wp:attachment":[{"href":"https:\/\/gobernacionaltaverapaz.gob.gt\/index.php?rest_route=%2Fwp%2Fv2%2Fmedia&parent=24361"}],"wp:term":[{"taxonomy":"category","embeddable":true,"href":"https:\/\/gobernacionaltaverapaz.gob.gt\/index.php?rest_route=%2Fwp%2Fv2%2Fcategories&post=24361"},{"taxonomy":"post_tag","embeddable":true,"href":"https:\/\/gobernacionaltaverapaz.gob.gt\/index.php?rest_route=%2Fwp%2Fv2%2Ftags&post=24361"}],"curies":[{"name":"wp","href":"https:\/\/api.w.org\/{rel}","templated":true}]}}