{"id":24381,"date":"2026-01-19T16:40:41","date_gmt":"2026-01-19T22:40:41","guid":{"rendered":"https:\/\/gobernacionaltaverapaz.gob.gt\/?p=24381"},"modified":"2026-01-19T16:41:34","modified_gmt":"2026-01-19T22:41:34","slug":"pnc-y-ejercito-de-guatemala-mantienen-operativos-preventivos-de-seguridad-en-alta-verapaz","status":"publish","type":"post","link":"https:\/\/gobernacionaltaverapaz.gob.gt\/?p=24381","title":{"rendered":"PNC y Ej\u00e9rcito de Guatemala mantienen operativos preventivos de seguridad en Alta Verapaz"},"content":{"rendered":"<p><b>Las acciones coordinadas fortalecen la presencia institucional y la seguridad ciudadana en el departamento.<\/b><\/p>\n<p><b>Alta Verapaz, 19 de enero de 2026.<\/b><b><br \/>\n<\/b> <b>Redacci\u00f3n:<\/b><span style=\"font-weight: 400;\"> Jos\u00e9 Daniel Sanchez<\/span><span style=\"font-weight: 400;\"><br \/>\n<\/span> <b>Fotograf\u00eda:<\/b><span style=\"font-weight: 400;\"> PNC de Alta Verapaz<\/span><\/p>\n<p><span style=\"font-weight: 400;\">La <\/span><b>Polic\u00eda Nacional Civil<\/b><span style=\"font-weight: 400;\">, en coordinaci\u00f3n con el <\/span><b>Ej\u00e9rcito de Guatemala<\/b><span style=\"font-weight: 400;\">, mantiene operativos preventivos de seguridad en distintos puntos del departamento de Alta Verapaz, como parte de las acciones institucionales orientadas a resguardar a la poblaci\u00f3n y fortalecer la seguridad ciudadana.<\/span><\/p>\n<p><span style=\"font-weight: 400;\">Estas acciones se desarrollan en cumplimiento de las disposiciones vigentes y forman parte del fortalecimiento de la presencia institucional en el territorio, con el objetivo de prevenir hechos que alteren el orden y la tranquilidad de las comunidades, as\u00ed como contribuir a un entorno seguro para la convivencia social.<\/span><\/p>\n<p><span style=\"font-weight: 400;\">Los operativos se realizan de manera coordinada y conforme al marco legal, priorizando la protecci\u00f3n de las personas, el respeto a los derechos humanos y la atenci\u00f3n responsable a la ciudadan\u00eda durante su ejecuci\u00f3n.<\/span><\/p>\n<p><span style=\"font-weight: 400;\">La <\/span><b>Gobernaci\u00f3n Departamental de Alta Verapaz<\/b><span style=\"font-weight: 400;\"> da seguimiento a estas acciones como parte del esfuerzo interinstitucional para garantizar el orden, la seguridad y la paz social en el departamento, reafirmando el compromiso del Estado con la protecci\u00f3n de la poblaci\u00f3n.<\/span><\/p>\n<p>&nbsp;<\/p>\n<div class=\"flexslider ewic-slider-lite is_on_\" id=\"ewic-con-2437569f1181b35c1a\"><style>#ewic-con-2437569f1181b35c1a .flex-direction-nav .flex-next, #ewic-con-2437569f1181b35c1a .flex-direction-nav .flex-prev {opacity: 1;} #ewic-con-2437569f1181b35c1a .flex-direction-nav .flex-next {right: 10px !important; text-align: right !important;} #ewic-con-2437569f1181b35c1a .flex-direction-nav .flex-prev {left: 10px !important;}<\/style><div id=\"preloader-2437569f1181b35c1a\" class=\"sliderpreloader\"><\/div><ul style=\"display:none;\" class=\"slides flexslider-2437569f1181b35c1a\"><li class=\"ewic-slider\"><a href=\"https:\/\/gobernacionaltaverapaz.gob.gt\/wp-content\/uploads\/2026\/01\/WhatsApp-Image-2026-01-19-at-3.59.54-PM.jpeg\" title=\"WhatsApp Image 2026 01 19 At 3.59.54 PM\" rel=\"ewicprettyPhoto[2437569f1181b35c1a]\"><img title=\"WhatsApp Image 2026 01 19 At 3.59.54 PM\" class=\"ewic-wid-imgs\" src=\"https:\/\/gobernacionaltaverapaz.gob.gt\/wp-content\/uploads\/2026\/01\/WhatsApp-Image-2026-01-19-at-3.59.54-PM.jpeg\" \/><p class=\"flex-caption\">WhatsApp Image 2026 01 19 At 3.59.54 PM<\/p><\/a><\/li><li class=\"ewic-slider\"><a href=\"https:\/\/gobernacionaltaverapaz.gob.gt\/wp-content\/uploads\/2026\/01\/WhatsApp-Image-2026-01-19-at-4.00.47-PM-2.jpeg\" title=\"WhatsApp Image 2026 01 19 At 4.00.47 PM (2)\" rel=\"ewicprettyPhoto[2437569f1181b35c1a]\"><img title=\"WhatsApp Image 2026 01 19 At 4.00.47 PM (2)\" class=\"ewic-wid-imgs\" src=\"https:\/\/gobernacionaltaverapaz.gob.gt\/wp-content\/uploads\/2026\/01\/WhatsApp-Image-2026-01-19-at-4.00.47-PM-2.jpeg\" \/><p class=\"flex-caption\">WhatsApp Image 2026 01 19 At 4.00.47 PM (2)<\/p><\/a><\/li><li class=\"ewic-slider\"><a href=\"https:\/\/gobernacionaltaverapaz.gob.gt\/wp-content\/uploads\/2026\/01\/WhatsApp-Image-2026-01-19-at-4.00.47-PM-3.jpeg\" title=\"WhatsApp Image 2026 01 19 At 4.00.47 PM (3)\" rel=\"ewicprettyPhoto[2437569f1181b35c1a]\"><img title=\"WhatsApp Image 2026 01 19 At 4.00.47 PM (3)\" class=\"ewic-wid-imgs\" src=\"https:\/\/gobernacionaltaverapaz.gob.gt\/wp-content\/uploads\/2026\/01\/WhatsApp-Image-2026-01-19-at-4.00.47-PM-3.jpeg\" \/><p class=\"flex-caption\">WhatsApp Image 2026 01 19 At 4.00.47 PM (3)<\/p><\/a><\/li><li class=\"ewic-slider\"><a href=\"https:\/\/gobernacionaltaverapaz.gob.gt\/wp-content\/uploads\/2026\/01\/WhatsApp-Image-2026-01-19-at-4.00.47-PM.jpeg\" title=\"WhatsApp Image 2026 01 19 At 4.00.47 PM\" rel=\"ewicprettyPhoto[2437569f1181b35c1a]\"><img title=\"WhatsApp Image 2026 01 19 At 4.00.47 PM\" class=\"ewic-wid-imgs\" src=\"https:\/\/gobernacionaltaverapaz.gob.gt\/wp-content\/uploads\/2026\/01\/WhatsApp-Image-2026-01-19-at-4.00.47-PM.jpeg\" \/><p class=\"flex-caption\">WhatsApp Image 2026 01 19 At 4.00.47 PM<\/p><\/a><\/li><\/ul><script type=\"text\/javascript\">\r\n\tjQuery(document).ready(function($) {\r\n\r\n\t\t$(\"#preloader-2437569f1181b35c1a\").fadeOut(500, function () {\r\n\r\n\t\t\t$(\"#ewic-con-2437569f1181b35c1a\").addClass(\"ready_to_show\");\r\n\r\n\t\t\t$(\"a[rel^='ewicprettyPhoto[2437569f1181b35c1a]']\").ewcPhoto({\r\n\t\t\t\ttheme: \"ewc_default\",\r\n\t\t\t\tallow_expand: false,\r\n\t\t\t\tdeeplinking: false,\r\n\t\t\t\tslideshow:5000,\r\n\t\t\t\tautoplay_slideshow:true,\r\n\t\t\t\tsocial_tools:false\r\n\t\t\t});\r\n\r\n\t\t\t$(\".flexslider-2437569f1181b35c1a\").fadeIn(300);\r\n\r\n\t\t\t$(\"#ewic-con-2437569f1181b35c1a\").flexslider({\r\n\t\t\t\tanimation: \"slide\",\r\n\t\t\t\tanimationSpeed: 0,\r\n\t\t\t\tuseCSS: false,\r\n\t\t\t\teasing: \"easeInQuad\",\r\n\t\t\t\tdirection: \"horizontal\",\r\n\t\t\t\tslideshow: true,\r\n\t\t\t\tsmoothHeight: true,\r\n\t\t\t\tpauseOnHover: true,\r\n\t\t\t\tcontrolNav: false,\r\n\t\t\t\tprevText: \"\",\r\n\t\t\t\tnextText: \"\",\r\n\t\t\t\trtl: false,\r\n\t\t\t\tslideshowSpeed: 5000,\r\n\t\t\t\tstart: function(slider){\r\n\t\t\t\t\t$(\"#ewic-con-2437569f1181b35c1a\").find(\".flex-caption\").hide();\r\n\t\t\t\t\tvar curSlide = slider.find(\"li.flex-active-slide\");\r\n\t\t\t\t\t$(curSlide).find(\".flex-caption\").slideDown();\r\n\t\t\t\t},\r\n\t\t\t\tbefore: function(slider) {\r\n\t\t\t\t\t$(\"#ewic-con-2437569f1181b35c1a\").find(\".flex-caption\").slideUp();\r\n\t\t\t\t},\r\n\t\t\t\tafter: function(slider) {\r\n\t\t\t\t\tvar curSlide = slider.find(\"li.flex-active-slide\");\r\n\t\t\t\t\t$(curSlide).find(\".flex-caption\").slideDown();\r\n\t\t\t\t}\r\n\r\n\t\t\t});\r\n\r\n\t\t});\r\n\r\n\t});\r\n<\/script><\/div>\r\n\n","protected":false},"excerpt":{"rendered":"<p>Las acciones coordinadas fortalecen la presencia institucional y la seguridad ciudadana en el departamento. Alta Verapaz, 19 de enero de 2026. Redacci\u00f3n: Jos\u00e9 Daniel Sanchez Fotograf\u00eda: PNC de Alta Verapaz La Polic\u00eda Nacional Civil, en coordinaci\u00f3n con el Ej\u00e9rcito de Guatemala, mantiene operativos preventivos de seguridad en distintos puntos del departamento de Alta Verapaz, como [&hellip;]<\/p>\n","protected":false},"author":3,"featured_media":24378,"comment_status":"closed","ping_status":"open","sticky":false,"template":"","format":"standard","meta":[],"categories":[214],"tags":[],"_links":{"self":[{"href":"https:\/\/gobernacionaltaverapaz.gob.gt\/index.php?rest_route=\/wp\/v2\/posts\/24381"}],"collection":[{"href":"https:\/\/gobernacionaltaverapaz.gob.gt\/index.php?rest_route=\/wp\/v2\/posts"}],"about":[{"href":"https:\/\/gobernacionaltaverapaz.gob.gt\/index.php?rest_route=\/wp\/v2\/types\/post"}],"author":[{"embeddable":true,"href":"https:\/\/gobernacionaltaverapaz.gob.gt\/index.php?rest_route=\/wp\/v2\/users\/3"}],"replies":[{"embeddable":true,"href":"https:\/\/gobernacionaltaverapaz.gob.gt\/index.php?rest_route=%2Fwp%2Fv2%2Fcomments&post=24381"}],"version-history":[{"count":1,"href":"https:\/\/gobernacionaltaverapaz.gob.gt\/index.php?rest_route=\/wp\/v2\/posts\/24381\/revisions"}],"predecessor-version":[{"id":24382,"href":"https:\/\/gobernacionaltaverapaz.gob.gt\/index.php?rest_route=\/wp\/v2\/posts\/24381\/revisions\/24382"}],"wp:featuredmedia":[{"embeddable":true,"href":"https:\/\/gobernacionaltaverapaz.gob.gt\/index.php?rest_route=\/wp\/v2\/media\/24378"}],"wp:attachment":[{"href":"https:\/\/gobernacionaltaverapaz.gob.gt\/index.php?rest_route=%2Fwp%2Fv2%2Fmedia&parent=24381"}],"wp:term":[{"taxonomy":"category","embeddable":true,"href":"https:\/\/gobernacionaltaverapaz.gob.gt\/index.php?rest_route=%2Fwp%2Fv2%2Fcategories&post=24381"},{"taxonomy":"post_tag","embeddable":true,"href":"https:\/\/gobernacionaltaverapaz.gob.gt\/index.php?rest_route=%2Fwp%2Fv2%2Ftags&post=24381"}],"curies":[{"name":"wp","href":"https:\/\/api.w.org\/{rel}","templated":true}]}}