{"id":24389,"date":"2026-01-20T16:39:02","date_gmt":"2026-01-20T22:39:02","guid":{"rendered":"https:\/\/gobernacionaltaverapaz.gob.gt\/?p=24389"},"modified":"2026-01-20T16:40:40","modified_gmt":"2026-01-20T22:40:40","slug":"autoridades-informan-sobre-acciones-de-seguridad-y-alcances-del-estado-de-sitio-en-alta-verapaz","status":"publish","type":"post","link":"https:\/\/gobernacionaltaverapaz.gob.gt\/?p=24389","title":{"rendered":"Autoridades informan sobre acciones de seguridad y alcances del Estado de Sitio en Alta Verapaz"},"content":{"rendered":"<h3><b>La medida constitucional busca restablecer el orden p\u00fablico, combatir estructuras criminales y proteger a la poblaci\u00f3n, bajo el respeto a los derechos humanos.<\/b><\/h3>\n<h3><b>Alta Verapaz, 20 de enero de 2026.<\/b><b><br \/>\n<\/b><b> Redacci\u00f3n: Jos\u00e9 Daniel Sanchez<\/b><b><br \/>\n<\/b><b> Fotograf\u00eda: Gobernaci\u00f3n Departamental de Alta Verapaz<\/b><\/h3>\n<p>&nbsp;<\/p>\n<p><span style=\"font-weight: 400;\">Durante la conferencia de prensa, las autoridades informaron que el <\/span><b>Estado de Sitio<\/b><span style=\"font-weight: 400;\"> fue decretado por el Presidente de la Rep\u00fablica, en Consejo de Ministros, y <\/span><b>ratificado por el Congreso de la Rep\u00fablica<\/b><span style=\"font-weight: 400;\">, como una medida constitucional y legal para enfrentar una <\/span><b>grave alteraci\u00f3n del orden p\u00fablico<\/b><span style=\"font-weight: 400;\"> provocada por acciones coordinadas de maras y pandillas, las cuales representan una amenaza directa a la vida y seguridad de la poblaci\u00f3n.<\/span><\/p>\n<p><span style=\"font-weight: 400;\">Se explic\u00f3 que el objetivo exclusivo del Estado de Sitio es <\/span><b>combatir estructuras criminales organizadas, restablecer el orden p\u00fablico y proteger los derechos de la ciudadan\u00eda<\/b><span style=\"font-weight: 400;\">, dejando claro que <\/span><b>no tiene fines pol\u00edticos, ideol\u00f3gicos ni de persecuci\u00f3n social<\/b><span style=\"font-weight: 400;\">, ni est\u00e1 dirigido contra comunidades, organizaciones sociales o expresiones pac\u00edficas.<\/span><\/p>\n<p><span style=\"font-weight: 400;\">Las autoridades detallaron que el decreto permite <\/span><b>restricciones temporales y proporcionales de ciertos derechos<\/b><span style=\"font-weight: 400;\">, siempre bajo los principios de legalidad, necesidad y respeto a los derechos humanos. En ese marco, se aclar\u00f3 que <\/span><b>el derecho de reuni\u00f3n no est\u00e1 prohibido de forma general<\/b><span style=\"font-weight: 400;\">, y \u00fanicamente puede ser limitado cuando se trate de reuniones armadas, violentas o vinculadas a estructuras criminales. Asimismo, se inform\u00f3 que en los \u00faltimos d\u00edas se han <\/span><b>intensificado los operativos preventivos y de control<\/b><span style=\"font-weight: 400;\">, con la participaci\u00f3n coordinada de la Polic\u00eda Nacional Civil y el Ej\u00e9rcito de Guatemala, manteniendo <\/span><b>fuerzas combinadas desplegadas de forma permanente<\/b><span style=\"font-weight: 400;\"> en distintos puntos estrat\u00e9gicos del departamento, con el objetivo de prevenir hechos delictivos, resguardar a la poblaci\u00f3n y reforzar la tranquilidad ciudadana.<\/span><\/p>\n<p><span style=\"font-weight: 400;\">Finalmente, desde la Gobernaci\u00f3n Departamental de Alta Verapaz se reiter\u00f3 que <\/span><b>el Estado est\u00e1 presente y actuando conforme a la ley<\/b><span style=\"font-weight: 400;\">, bajo supervisi\u00f3n institucional, y se hizo un <\/span><b>llamado a la poblaci\u00f3n a mantener la calma<\/b><span style=\"font-weight: 400;\">, informarse \u00fanicamente por canales oficiales y no difundir rumores, reafirmando que la seguridad es una responsabilidad compartida y que las acciones continuar\u00e1n de forma firme, legal y transparente para resguardar a las familias del departamento.<\/span><\/p>\n<div class=\"flexslider ewic-slider-lite is_on_\" id=\"ewic-con-2438369f1184dba356\"><style>#ewic-con-2438369f1184dba356 .flex-direction-nav .flex-next, #ewic-con-2438369f1184dba356 .flex-direction-nav .flex-prev {opacity: 1;} #ewic-con-2438369f1184dba356 .flex-direction-nav .flex-next {right: 10px !important; text-align: right !important;} #ewic-con-2438369f1184dba356 .flex-direction-nav .flex-prev {left: 10px !important;}<\/style><div id=\"preloader-2438369f1184dba356\" class=\"sliderpreloader\"><\/div><ul style=\"display:none;\" class=\"slides flexslider-2438369f1184dba356\"><li class=\"ewic-slider\"><a href=\"https:\/\/gobernacionaltaverapaz.gob.gt\/wp-content\/uploads\/2026\/01\/WhatsApp-Image-2026-01-20-at-12.09.30-PM.jpeg\" title=\"WhatsApp Image 2026 01 20 At 12.09.30 PM\" rel=\"ewicprettyPhoto[2438369f1184dba356]\"><img title=\"WhatsApp Image 2026 01 20 At 12.09.30 PM\" class=\"ewic-wid-imgs\" src=\"https:\/\/gobernacionaltaverapaz.gob.gt\/wp-content\/uploads\/2026\/01\/WhatsApp-Image-2026-01-20-at-12.09.30-PM.jpeg\" \/><p class=\"flex-caption\">WhatsApp Image 2026 01 20 At 12.09.30 PM<\/p><\/a><\/li><li class=\"ewic-slider\"><a href=\"https:\/\/gobernacionaltaverapaz.gob.gt\/wp-content\/uploads\/2026\/01\/WhatsApp-Image-2026-01-20-at-12.09.31-PM-1.jpeg\" title=\"WhatsApp Image 2026 01 20 At 12.09.31 PM (1)\" rel=\"ewicprettyPhoto[2438369f1184dba356]\"><img title=\"WhatsApp Image 2026 01 20 At 12.09.31 PM (1)\" class=\"ewic-wid-imgs\" src=\"https:\/\/gobernacionaltaverapaz.gob.gt\/wp-content\/uploads\/2026\/01\/WhatsApp-Image-2026-01-20-at-12.09.31-PM-1.jpeg\" \/><p class=\"flex-caption\">WhatsApp Image 2026 01 20 At 12.09.31 PM (1)<\/p><\/a><\/li><li class=\"ewic-slider\"><a href=\"https:\/\/gobernacionaltaverapaz.gob.gt\/wp-content\/uploads\/2026\/01\/WhatsApp-Image-2026-01-20-at-12.09.32-PM.jpeg\" title=\"WhatsApp Image 2026 01 20 At 12.09.32 PM\" rel=\"ewicprettyPhoto[2438369f1184dba356]\"><img title=\"WhatsApp Image 2026 01 20 At 12.09.32 PM\" class=\"ewic-wid-imgs\" src=\"https:\/\/gobernacionaltaverapaz.gob.gt\/wp-content\/uploads\/2026\/01\/WhatsApp-Image-2026-01-20-at-12.09.32-PM.jpeg\" \/><p class=\"flex-caption\">WhatsApp Image 2026 01 20 At 12.09.32 PM<\/p><\/a><\/li><\/ul><script type=\"text\/javascript\">\r\n\tjQuery(document).ready(function($) {\r\n\r\n\t\t$(\"#preloader-2438369f1184dba356\").fadeOut(500, function () {\r\n\r\n\t\t\t$(\"#ewic-con-2438369f1184dba356\").addClass(\"ready_to_show\");\r\n\r\n\t\t\t$(\"a[rel^='ewicprettyPhoto[2438369f1184dba356]']\").ewcPhoto({\r\n\t\t\t\ttheme: \"ewc_default\",\r\n\t\t\t\tallow_expand: false,\r\n\t\t\t\tdeeplinking: false,\r\n\t\t\t\tslideshow:5000,\r\n\t\t\t\tautoplay_slideshow:true,\r\n\t\t\t\tsocial_tools:false\r\n\t\t\t});\r\n\r\n\t\t\t$(\".flexslider-2438369f1184dba356\").fadeIn(300);\r\n\r\n\t\t\t$(\"#ewic-con-2438369f1184dba356\").flexslider({\r\n\t\t\t\tanimation: \"slide\",\r\n\t\t\t\tanimationSpeed: 0,\r\n\t\t\t\tuseCSS: false,\r\n\t\t\t\teasing: \"easeInQuad\",\r\n\t\t\t\tdirection: \"horizontal\",\r\n\t\t\t\tslideshow: true,\r\n\t\t\t\tsmoothHeight: true,\r\n\t\t\t\tpauseOnHover: true,\r\n\t\t\t\tcontrolNav: false,\r\n\t\t\t\tprevText: \"\",\r\n\t\t\t\tnextText: \"\",\r\n\t\t\t\trtl: false,\r\n\t\t\t\tslideshowSpeed: 5000,\r\n\t\t\t\tstart: function(slider){\r\n\t\t\t\t\t$(\"#ewic-con-2438369f1184dba356\").find(\".flex-caption\").hide();\r\n\t\t\t\t\tvar curSlide = slider.find(\"li.flex-active-slide\");\r\n\t\t\t\t\t$(curSlide).find(\".flex-caption\").slideDown();\r\n\t\t\t\t},\r\n\t\t\t\tbefore: function(slider) {\r\n\t\t\t\t\t$(\"#ewic-con-2438369f1184dba356\").find(\".flex-caption\").slideUp();\r\n\t\t\t\t},\r\n\t\t\t\tafter: function(slider) {\r\n\t\t\t\t\tvar curSlide = slider.find(\"li.flex-active-slide\");\r\n\t\t\t\t\t$(curSlide).find(\".flex-caption\").slideDown();\r\n\t\t\t\t}\r\n\r\n\t\t\t});\r\n\r\n\t\t});\r\n\r\n\t});\r\n<\/script><\/div>\r\n\n","protected":false},"excerpt":{"rendered":"<p>La medida constitucional busca restablecer el orden p\u00fablico, combatir estructuras criminales y proteger a la poblaci\u00f3n, bajo el respeto a los derechos humanos. Alta Verapaz, 20 de enero de 2026. Redacci\u00f3n: Jos\u00e9 Daniel Sanchez Fotograf\u00eda: Gobernaci\u00f3n Departamental de Alta Verapaz &nbsp; Durante la conferencia de prensa, las autoridades informaron que el Estado de Sitio fue [&hellip;]<\/p>\n","protected":false},"author":3,"featured_media":24388,"comment_status":"closed","ping_status":"open","sticky":false,"template":"","format":"standard","meta":[],"categories":[214],"tags":[],"_links":{"self":[{"href":"https:\/\/gobernacionaltaverapaz.gob.gt\/index.php?rest_route=\/wp\/v2\/posts\/24389"}],"collection":[{"href":"https:\/\/gobernacionaltaverapaz.gob.gt\/index.php?rest_route=\/wp\/v2\/posts"}],"about":[{"href":"https:\/\/gobernacionaltaverapaz.gob.gt\/index.php?rest_route=\/wp\/v2\/types\/post"}],"author":[{"embeddable":true,"href":"https:\/\/gobernacionaltaverapaz.gob.gt\/index.php?rest_route=\/wp\/v2\/users\/3"}],"replies":[{"embeddable":true,"href":"https:\/\/gobernacionaltaverapaz.gob.gt\/index.php?rest_route=%2Fwp%2Fv2%2Fcomments&post=24389"}],"version-history":[{"count":1,"href":"https:\/\/gobernacionaltaverapaz.gob.gt\/index.php?rest_route=\/wp\/v2\/posts\/24389\/revisions"}],"predecessor-version":[{"id":24390,"href":"https:\/\/gobernacionaltaverapaz.gob.gt\/index.php?rest_route=\/wp\/v2\/posts\/24389\/revisions\/24390"}],"wp:featuredmedia":[{"embeddable":true,"href":"https:\/\/gobernacionaltaverapaz.gob.gt\/index.php?rest_route=\/wp\/v2\/media\/24388"}],"wp:attachment":[{"href":"https:\/\/gobernacionaltaverapaz.gob.gt\/index.php?rest_route=%2Fwp%2Fv2%2Fmedia&parent=24389"}],"wp:term":[{"taxonomy":"category","embeddable":true,"href":"https:\/\/gobernacionaltaverapaz.gob.gt\/index.php?rest_route=%2Fwp%2Fv2%2Fcategories&post=24389"},{"taxonomy":"post_tag","embeddable":true,"href":"https:\/\/gobernacionaltaverapaz.gob.gt\/index.php?rest_route=%2Fwp%2Fv2%2Ftags&post=24389"}],"curies":[{"name":"wp","href":"https:\/\/api.w.org\/{rel}","templated":true}]}}