{"id":24392,"date":"2026-01-21T11:43:08","date_gmt":"2026-01-21T17:43:08","guid":{"rendered":"https:\/\/gobernacionaltaverapaz.gob.gt\/?p=24392"},"modified":"2026-01-21T11:43:32","modified_gmt":"2026-01-21T17:43:32","slug":"gobernacion-de-alta-verapaz-sostiene-reunion-con-donantes-del-fondo-para-la-consolidacion-de-la-paz","status":"publish","type":"post","link":"https:\/\/gobernacionaltaverapaz.gob.gt\/?p=24392","title":{"rendered":"Gobernaci\u00f3n de Alta Verapaz sostiene reuni\u00f3n con donantes del Fondo para la Consolidaci\u00f3n de la Paz"},"content":{"rendered":"<p data-start=\"325\" data-end=\"456\"><strong data-start=\"325\" data-end=\"456\">El encuentro permiti\u00f3 dialogar sobre los desaf\u00edos y oportunidades para fortalecer procesos de paz inclusiva en el departamento.<\/strong><\/p>\n<p data-start=\"458\" data-end=\"602\"><strong data-start=\"458\" data-end=\"503\">Cob\u00e1n, Alta Verapaz, 20 de enero de 2026.<\/strong><br data-start=\"503\" data-end=\"506\" \/><strong data-start=\"506\" data-end=\"520\">Redacci\u00f3n:<\/strong> Jos\u00e9 Daniel Sanchez<br data-start=\"540\" data-end=\"543\" \/><strong data-start=\"543\" data-end=\"558\">Fotograf\u00eda:<\/strong> Jos\u00e9 Daniel Sanchez &#8211; Comunicaci\u00f3n Social &#8211; Gobernaci\u00f3n Departamental de Alta Verapaz.<\/p>\n<p data-start=\"604\" data-end=\"986\">La <strong data-start=\"607\" data-end=\"648\"><span class=\"hover:entity-accent entity-underline inline cursor-pointer align-baseline\"><span class=\"whitespace-normal\">Gobernaci\u00f3n Departamental de Alta Verapaz<\/span><\/span><\/strong> sostuvo una reuni\u00f3n con representantes del Fondo para la Consolidaci\u00f3n de la Paz (PBF) y del <strong data-start=\"742\" data-end=\"783\"><span class=\"hover:entity-accent entity-underline inline cursor-pointer align-baseline\"><span class=\"whitespace-normal\">Sistema de las Naciones Unidas en Guatemala<\/span><\/span><\/strong>, en el marco de la visita de donantes realizada en enero de 2026, con el objetivo de presentar y dialogar sobre el apoyo a procesos orientados a la consolidaci\u00f3n de una paz inclusiva en el departamento.<\/p>\n<p data-start=\"988\" data-end=\"1407\">La reuni\u00f3n fue encabezada por Dilia Margarita C\u00f3 Coy, Gobernadora Departamental de Alta Verapaz, y cont\u00f3 con la participaci\u00f3n de <strong data-start=\"1117\" data-end=\"1158\"><span class=\"hover:entity-accent entity-underline inline cursor-pointer align-baseline\"><span class=\"whitespace-normal\">Miguel Barreto<\/span><\/span><\/strong>, Coordinador Residente del Sistema de las Naciones Unidas en Guatemala y Copresidente del Comit\u00e9 Ejecutivo del PBF, as\u00ed como de <strong data-start=\"1287\" data-end=\"1328\"><span class=\"hover:entity-accent entity-underline inline cursor-pointer align-baseline\"><span class=\"whitespace-normal\">Awa Dabo<\/span><\/span><\/strong>, Directora y Jefa Adjunta de la Oficina de Apoyo a la Consolidaci\u00f3n de la Paz.<\/p>\n<p data-start=\"1409\" data-end=\"1704\">Durante el encuentro se abord\u00f3 el contexto departamental, los principales desaf\u00edos en materia de gobernanza y las oportunidades para avanzar en la consolidaci\u00f3n de la paz, con \u00e9nfasis en mecanismos de coordinaci\u00f3n apoyados por proyectos del PBF vinculados a juventudes, mujeres, paz y seguridad.<\/p>\n<p data-start=\"1706\" data-end=\"2174\">En ese marco, se destac\u00f3 que el Fondo para la Consolidaci\u00f3n de la Paz, a trav\u00e9s del Sistema de las Naciones Unidas, tiene como objetivo apoyar a los Estados en la prevenci\u00f3n de conflictos, el fortalecimiento de la cohesi\u00f3n social y la construcci\u00f3n de condiciones para una paz sostenible, priorizando iniciativas que refuercen la gobernanza territorial, la inclusi\u00f3n social y la coordinaci\u00f3n interinstitucional, en articulaci\u00f3n con las autoridades nacionales y locales.<\/p>\n<p data-start=\"2176\" data-end=\"2428\">Asimismo, se desarroll\u00f3 un espacio de di\u00e1logo con la misi\u00f3n de donantes, que permiti\u00f3 el intercambio de experiencias y el fortalecimiento de la articulaci\u00f3n entre las instituciones del Estado y los organismos internacionales presentes en el territorio.<\/p>\n<p data-start=\"2430\" data-end=\"2694\">La Gobernaci\u00f3n Departamental de Alta Verapaz reafirma su compromiso de continuar promoviendo la coordinaci\u00f3n interinstitucional y el trabajo conjunto con la cooperaci\u00f3n internacional, en favor de la paz, la gobernabilidad y el desarrollo integral del departamento.<\/p>\n<p data-start=\"2430\" data-end=\"2694\"><strong data-start=\"325\" data-end=\"456\"><div class=\"flexslider ewic-slider-lite is_on_\" id=\"ewic-con-2439169f1182991981\"><style>#ewic-con-2439169f1182991981 .flex-direction-nav .flex-next, #ewic-con-2439169f1182991981 .flex-direction-nav .flex-prev {opacity: 1;} #ewic-con-2439169f1182991981 .flex-direction-nav .flex-next {right: 10px !important; text-align: right !important;} #ewic-con-2439169f1182991981 .flex-direction-nav .flex-prev {left: 10px !important;}<\/style><div id=\"preloader-2439169f1182991981\" class=\"sliderpreloader\"><\/div><ul style=\"display:none;\" class=\"slides flexslider-2439169f1182991981\"><li class=\"ewic-slider\"><a href=\"https:\/\/gobernacionaltaverapaz.gob.gt\/wp-content\/uploads\/2026\/01\/MG_0308.jpg\" title=\"_MG_0308\" rel=\"ewicprettyPhoto[2439169f1182991981]\"><img title=\"_MG_0308\" class=\"ewic-wid-imgs\" src=\"https:\/\/gobernacionaltaverapaz.gob.gt\/wp-content\/uploads\/2026\/01\/MG_0308.jpg\" \/><p class=\"flex-caption\">_MG_0308<\/p><\/a><\/li><li class=\"ewic-slider\"><a href=\"https:\/\/gobernacionaltaverapaz.gob.gt\/wp-content\/uploads\/2026\/01\/MG_0234.jpg\" title=\"_MG_0234\" rel=\"ewicprettyPhoto[2439169f1182991981]\"><img title=\"_MG_0234\" class=\"ewic-wid-imgs\" src=\"https:\/\/gobernacionaltaverapaz.gob.gt\/wp-content\/uploads\/2026\/01\/MG_0234.jpg\" \/><p class=\"flex-caption\">_MG_0234<\/p><\/a><\/li><li class=\"ewic-slider\"><a href=\"https:\/\/gobernacionaltaverapaz.gob.gt\/wp-content\/uploads\/2026\/01\/MG_0266.jpg\" title=\"_MG_0266\" rel=\"ewicprettyPhoto[2439169f1182991981]\"><img title=\"_MG_0266\" class=\"ewic-wid-imgs\" src=\"https:\/\/gobernacionaltaverapaz.gob.gt\/wp-content\/uploads\/2026\/01\/MG_0266.jpg\" \/><p class=\"flex-caption\">_MG_0266<\/p><\/a><\/li><li class=\"ewic-slider\"><a href=\"https:\/\/gobernacionaltaverapaz.gob.gt\/wp-content\/uploads\/2026\/01\/MG_0281.jpg\" title=\"_MG_0281\" rel=\"ewicprettyPhoto[2439169f1182991981]\"><img title=\"_MG_0281\" class=\"ewic-wid-imgs\" src=\"https:\/\/gobernacionaltaverapaz.gob.gt\/wp-content\/uploads\/2026\/01\/MG_0281.jpg\" \/><p class=\"flex-caption\">_MG_0281<\/p><\/a><\/li><li class=\"ewic-slider\"><a href=\"https:\/\/gobernacionaltaverapaz.gob.gt\/wp-content\/uploads\/2026\/01\/MG_0290.jpg\" title=\"_MG_0290\" rel=\"ewicprettyPhoto[2439169f1182991981]\"><img title=\"_MG_0290\" class=\"ewic-wid-imgs\" src=\"https:\/\/gobernacionaltaverapaz.gob.gt\/wp-content\/uploads\/2026\/01\/MG_0290.jpg\" \/><p class=\"flex-caption\">_MG_0290<\/p><\/a><\/li><li class=\"ewic-slider\"><a href=\"https:\/\/gobernacionaltaverapaz.gob.gt\/wp-content\/uploads\/2026\/01\/MG_0294.jpg\" title=\"_MG_0294\" rel=\"ewicprettyPhoto[2439169f1182991981]\"><img title=\"_MG_0294\" class=\"ewic-wid-imgs\" src=\"https:\/\/gobernacionaltaverapaz.gob.gt\/wp-content\/uploads\/2026\/01\/MG_0294.jpg\" \/><p class=\"flex-caption\">_MG_0294<\/p><\/a><\/li><li class=\"ewic-slider\"><a href=\"https:\/\/gobernacionaltaverapaz.gob.gt\/wp-content\/uploads\/2026\/01\/MG_0296.jpg\" title=\"_MG_0296\" rel=\"ewicprettyPhoto[2439169f1182991981]\"><img title=\"_MG_0296\" class=\"ewic-wid-imgs\" src=\"https:\/\/gobernacionaltaverapaz.gob.gt\/wp-content\/uploads\/2026\/01\/MG_0296.jpg\" \/><p class=\"flex-caption\">_MG_0296<\/p><\/a><\/li><li class=\"ewic-slider\"><a href=\"https:\/\/gobernacionaltaverapaz.gob.gt\/wp-content\/uploads\/2026\/01\/MG_0302.jpg\" title=\"_MG_0302\" rel=\"ewicprettyPhoto[2439169f1182991981]\"><img title=\"_MG_0302\" class=\"ewic-wid-imgs\" src=\"https:\/\/gobernacionaltaverapaz.gob.gt\/wp-content\/uploads\/2026\/01\/MG_0302.jpg\" \/><p class=\"flex-caption\">_MG_0302<\/p><\/a><\/li><li class=\"ewic-slider\"><a href=\"https:\/\/gobernacionaltaverapaz.gob.gt\/wp-content\/uploads\/2026\/01\/MG_0305.jpg\" title=\"_MG_0305\" rel=\"ewicprettyPhoto[2439169f1182991981]\"><img title=\"_MG_0305\" class=\"ewic-wid-imgs\" src=\"https:\/\/gobernacionaltaverapaz.gob.gt\/wp-content\/uploads\/2026\/01\/MG_0305.jpg\" \/><p class=\"flex-caption\">_MG_0305<\/p><\/a><\/li><\/ul><script type=\"text\/javascript\">\r\n\tjQuery(document).ready(function($) {\r\n\r\n\t\t$(\"#preloader-2439169f1182991981\").fadeOut(500, function () {\r\n\r\n\t\t\t$(\"#ewic-con-2439169f1182991981\").addClass(\"ready_to_show\");\r\n\r\n\t\t\t$(\"a[rel^='ewicprettyPhoto[2439169f1182991981]']\").ewcPhoto({\r\n\t\t\t\ttheme: \"ewc_default\",\r\n\t\t\t\tallow_expand: false,\r\n\t\t\t\tdeeplinking: false,\r\n\t\t\t\tslideshow:5000,\r\n\t\t\t\tautoplay_slideshow:true,\r\n\t\t\t\tsocial_tools:false\r\n\t\t\t});\r\n\r\n\t\t\t$(\".flexslider-2439169f1182991981\").fadeIn(300);\r\n\r\n\t\t\t$(\"#ewic-con-2439169f1182991981\").flexslider({\r\n\t\t\t\tanimation: \"slide\",\r\n\t\t\t\tanimationSpeed: 0,\r\n\t\t\t\tuseCSS: false,\r\n\t\t\t\teasing: \"easeInQuad\",\r\n\t\t\t\tdirection: \"horizontal\",\r\n\t\t\t\tslideshow: true,\r\n\t\t\t\tsmoothHeight: true,\r\n\t\t\t\tpauseOnHover: true,\r\n\t\t\t\tcontrolNav: false,\r\n\t\t\t\tprevText: \"\",\r\n\t\t\t\tnextText: \"\",\r\n\t\t\t\trtl: false,\r\n\t\t\t\tslideshowSpeed: 5000,\r\n\t\t\t\tstart: function(slider){\r\n\t\t\t\t\t$(\"#ewic-con-2439169f1182991981\").find(\".flex-caption\").hide();\r\n\t\t\t\t\tvar curSlide = slider.find(\"li.flex-active-slide\");\r\n\t\t\t\t\t$(curSlide).find(\".flex-caption\").slideDown();\r\n\t\t\t\t},\r\n\t\t\t\tbefore: function(slider) {\r\n\t\t\t\t\t$(\"#ewic-con-2439169f1182991981\").find(\".flex-caption\").slideUp();\r\n\t\t\t\t},\r\n\t\t\t\tafter: function(slider) {\r\n\t\t\t\t\tvar curSlide = slider.find(\"li.flex-active-slide\");\r\n\t\t\t\t\t$(curSlide).find(\".flex-caption\").slideDown();\r\n\t\t\t\t}\r\n\r\n\t\t\t});\r\n\r\n\t\t});\r\n\r\n\t});\r\n<\/script><\/div>\r\n<\/strong><\/p>\n","protected":false},"excerpt":{"rendered":"<p>El encuentro permiti\u00f3 dialogar sobre los desaf\u00edos y oportunidades para fortalecer procesos de paz inclusiva en el departamento. Cob\u00e1n, Alta Verapaz, 20 de enero de 2026.Redacci\u00f3n: Jos\u00e9 Daniel SanchezFotograf\u00eda: Jos\u00e9 Daniel Sanchez &#8211; Comunicaci\u00f3n Social &#8211; Gobernaci\u00f3n Departamental de Alta Verapaz. La Gobernaci\u00f3n Departamental de Alta Verapaz sostuvo una reuni\u00f3n con representantes del Fondo para [&hellip;]<\/p>\n","protected":false},"author":3,"featured_media":24403,"comment_status":"closed","ping_status":"open","sticky":false,"template":"","format":"standard","meta":[],"categories":[214],"tags":[],"_links":{"self":[{"href":"https:\/\/gobernacionaltaverapaz.gob.gt\/index.php?rest_route=\/wp\/v2\/posts\/24392"}],"collection":[{"href":"https:\/\/gobernacionaltaverapaz.gob.gt\/index.php?rest_route=\/wp\/v2\/posts"}],"about":[{"href":"https:\/\/gobernacionaltaverapaz.gob.gt\/index.php?rest_route=\/wp\/v2\/types\/post"}],"author":[{"embeddable":true,"href":"https:\/\/gobernacionaltaverapaz.gob.gt\/index.php?rest_route=\/wp\/v2\/users\/3"}],"replies":[{"embeddable":true,"href":"https:\/\/gobernacionaltaverapaz.gob.gt\/index.php?rest_route=%2Fwp%2Fv2%2Fcomments&post=24392"}],"version-history":[{"count":2,"href":"https:\/\/gobernacionaltaverapaz.gob.gt\/index.php?rest_route=\/wp\/v2\/posts\/24392\/revisions"}],"predecessor-version":[{"id":24405,"href":"https:\/\/gobernacionaltaverapaz.gob.gt\/index.php?rest_route=\/wp\/v2\/posts\/24392\/revisions\/24405"}],"wp:featuredmedia":[{"embeddable":true,"href":"https:\/\/gobernacionaltaverapaz.gob.gt\/index.php?rest_route=\/wp\/v2\/media\/24403"}],"wp:attachment":[{"href":"https:\/\/gobernacionaltaverapaz.gob.gt\/index.php?rest_route=%2Fwp%2Fv2%2Fmedia&parent=24392"}],"wp:term":[{"taxonomy":"category","embeddable":true,"href":"https:\/\/gobernacionaltaverapaz.gob.gt\/index.php?rest_route=%2Fwp%2Fv2%2Fcategories&post=24392"},{"taxonomy":"post_tag","embeddable":true,"href":"https:\/\/gobernacionaltaverapaz.gob.gt\/index.php?rest_route=%2Fwp%2Fv2%2Ftags&post=24392"}],"curies":[{"name":"wp","href":"https:\/\/api.w.org\/{rel}","templated":true}]}}