{"id":24412,"date":"2026-01-22T15:32:52","date_gmt":"2026-01-22T21:32:52","guid":{"rendered":"https:\/\/gobernacionaltaverapaz.gob.gt\/?p=24412"},"modified":"2026-01-22T15:33:09","modified_gmt":"2026-01-22T21:33:09","slug":"desarrollan-primera-reunion-tecnica-de-informacion-y-coordinacion-con-alcaldes-y-direcciones-municipales-de-planificacion-en-alta-verapaz","status":"publish","type":"post","link":"https:\/\/gobernacionaltaverapaz.gob.gt\/?p=24412","title":{"rendered":"Desarrollan primera reuni\u00f3n t\u00e9cnica de informaci\u00f3n y coordinaci\u00f3n con alcaldes y Direcciones Municipales de Planificaci\u00f3n en Alta Verapaz"},"content":{"rendered":"<p><b>La jornada permiti\u00f3 socializar lineamientos t\u00e9cnicos y normativos para la reprogramaci\u00f3n de obras y la ejecuci\u00f3n presupuestaria del ejercicio fiscal 2026.<\/b><\/p>\n<p><b>Alta Verapaz, jueves 22 de enero de 2026.<\/b><b><br \/>\n<\/b> <b>Redacci\u00f3n:<\/b><span style=\"font-weight: 400;\"> Jos\u00e9 Daniel Sanchez<\/span><span style=\"font-weight: 400;\"><br \/>\n<\/span> <b>Fotograf\u00eda:<\/b><span style=\"font-weight: 400;\"> Comunicaci\u00f3n Social &#8211; Gobernaci\u00f3n Departamental de Alta Verapaz<\/span><\/p>\n<p><span style=\"font-weight: 400;\">En el marco del Sistema de Consejos de Desarrollo, este jueves 22 de enero de 2026 se desarroll\u00f3 la primera reuni\u00f3n de informaci\u00f3n y coordinaci\u00f3n con alcaldes municipales y Direcciones Municipales de Planificaci\u00f3n (DMP) del departamento de Alta Verapaz, presidida por la Gobernadora Departamental en su calidad de Presidenta del Consejo Departamental de Desarrollo (CODEDE), con el objetivo de fortalecer la planificaci\u00f3n, reprogramaci\u00f3n y ejecuci\u00f3n de proyectos de desarrollo para el ejercicio fiscal 2026.<\/span><\/p>\n<p><span style=\"font-weight: 400;\">Durante la jornada se socializaron los lineamientos t\u00e9cnicos para la reprogramaci\u00f3n de obras 2026, as\u00ed como los proyectos ordinarios y extraordinarios correspondientes a saldos pendientes del ejercicio fiscal 2025, en el marco de los mecanismos establecidos por los Consejos de Desarrollo Urbano y Rural.<\/span><\/p>\n<p><span style=\"font-weight: 400;\">Asimismo, se brind\u00f3 informaci\u00f3n t\u00e9cnica sobre la ampliaci\u00f3n presupuestaria establecida en la normativa vigente, particularmente lo dispuesto en el art\u00edculo 3 del Decreto N\u00famero 27-2024, Ley para la Agilizaci\u00f3n en la Ejecuci\u00f3n de Obras de los Consejos de Desarrollo Urbano y Rural, y el art\u00edculo 82 del Decreto N\u00famero 36-2024, Ley del Presupuesto General de Ingresos y Egresos del Estado para el Ejercicio Fiscal 2025, vigente para el ejercicio fiscal 2026.<\/span><\/p>\n<p><span style=\"font-weight: 400;\">La participaci\u00f3n de los alcaldes municipales y de las Direcciones Municipales de Planificaci\u00f3n permiti\u00f3 fortalecer la coordinaci\u00f3n interinstitucional y generar un espacio de an\u00e1lisis t\u00e9cnico orientado a mejorar los procesos de ejecuci\u00f3n, seguimiento y cumplimiento de los proyectos de inversi\u00f3n p\u00fablica en el territorio departamental.<\/span><\/p>\n<p><span style=\"font-weight: 400;\">La <\/span><b>Gobernaci\u00f3n Departamental de Alta Verapaz<\/b><span style=\"font-weight: 400;\">, en su calidad de ente coordinador del Sistema de Consejos de Desarrollo a nivel departamental, contin\u00faa promoviendo espacios t\u00e9cnicos de informaci\u00f3n y coordinaci\u00f3n con las autoridades municipales, con el prop\u00f3sito de optimizar el uso de los recursos p\u00fablicos y avanzar en el desarrollo integral de Alta Verapaz.<br \/>\n<\/span><\/p>\n<div class=\"flexslider ewic-slider-lite is_on_\" id=\"ewic-con-2440669f1187c0e166\"><style>#ewic-con-2440669f1187c0e166 .flex-direction-nav .flex-next, #ewic-con-2440669f1187c0e166 .flex-direction-nav .flex-prev {opacity: 1;} #ewic-con-2440669f1187c0e166 .flex-direction-nav .flex-next {right: 10px !important; text-align: right !important;} #ewic-con-2440669f1187c0e166 .flex-direction-nav .flex-prev {left: 10px !important;}<\/style><div id=\"preloader-2440669f1187c0e166\" class=\"sliderpreloader\"><\/div><ul style=\"display:none;\" class=\"slides flexslider-2440669f1187c0e166\"><li class=\"ewic-slider\"><a href=\"https:\/\/gobernacionaltaverapaz.gob.gt\/wp-content\/uploads\/2026\/01\/IMG_0020.jpg\" title=\"IMG_0020\" rel=\"ewicprettyPhoto[2440669f1187c0e166]\"><img title=\"IMG_0020\" class=\"ewic-wid-imgs\" src=\"https:\/\/gobernacionaltaverapaz.gob.gt\/wp-content\/uploads\/2026\/01\/IMG_0020.jpg\" \/><p class=\"flex-caption\">IMG_0020<\/p><\/a><\/li><li class=\"ewic-slider\"><a href=\"https:\/\/gobernacionaltaverapaz.gob.gt\/wp-content\/uploads\/2026\/01\/IMG_0008.jpg\" title=\"IMG_0008\" rel=\"ewicprettyPhoto[2440669f1187c0e166]\"><img title=\"IMG_0008\" class=\"ewic-wid-imgs\" src=\"https:\/\/gobernacionaltaverapaz.gob.gt\/wp-content\/uploads\/2026\/01\/IMG_0008.jpg\" \/><p class=\"flex-caption\">IMG_0008<\/p><\/a><\/li><li class=\"ewic-slider\"><a href=\"https:\/\/gobernacionaltaverapaz.gob.gt\/wp-content\/uploads\/2026\/01\/IMG_0018.jpg\" title=\"IMG_0018\" rel=\"ewicprettyPhoto[2440669f1187c0e166]\"><img title=\"IMG_0018\" class=\"ewic-wid-imgs\" src=\"https:\/\/gobernacionaltaverapaz.gob.gt\/wp-content\/uploads\/2026\/01\/IMG_0018.jpg\" \/><p class=\"flex-caption\">IMG_0018<\/p><\/a><\/li><li class=\"ewic-slider\"><a href=\"https:\/\/gobernacionaltaverapaz.gob.gt\/wp-content\/uploads\/2026\/01\/IMG_0031.jpg\" title=\"IMG_0031\" rel=\"ewicprettyPhoto[2440669f1187c0e166]\"><img title=\"IMG_0031\" class=\"ewic-wid-imgs\" src=\"https:\/\/gobernacionaltaverapaz.gob.gt\/wp-content\/uploads\/2026\/01\/IMG_0031.jpg\" \/><p class=\"flex-caption\">IMG_0031<\/p><\/a><\/li><li class=\"ewic-slider\"><a href=\"https:\/\/gobernacionaltaverapaz.gob.gt\/wp-content\/uploads\/2026\/01\/IMG_0045.jpg\" title=\"IMG_0045\" rel=\"ewicprettyPhoto[2440669f1187c0e166]\"><img title=\"IMG_0045\" class=\"ewic-wid-imgs\" src=\"https:\/\/gobernacionaltaverapaz.gob.gt\/wp-content\/uploads\/2026\/01\/IMG_0045.jpg\" \/><p class=\"flex-caption\">IMG_0045<\/p><\/a><\/li><\/ul><script type=\"text\/javascript\">\r\n\tjQuery(document).ready(function($) {\r\n\r\n\t\t$(\"#preloader-2440669f1187c0e166\").fadeOut(500, function () {\r\n\r\n\t\t\t$(\"#ewic-con-2440669f1187c0e166\").addClass(\"ready_to_show\");\r\n\r\n\t\t\t$(\"a[rel^='ewicprettyPhoto[2440669f1187c0e166]']\").ewcPhoto({\r\n\t\t\t\ttheme: \"ewc_default\",\r\n\t\t\t\tallow_expand: false,\r\n\t\t\t\tdeeplinking: false,\r\n\t\t\t\tslideshow:5000,\r\n\t\t\t\tautoplay_slideshow:true,\r\n\t\t\t\tsocial_tools:false\r\n\t\t\t});\r\n\r\n\t\t\t$(\".flexslider-2440669f1187c0e166\").fadeIn(300);\r\n\r\n\t\t\t$(\"#ewic-con-2440669f1187c0e166\").flexslider({\r\n\t\t\t\tanimation: \"slide\",\r\n\t\t\t\tanimationSpeed: 0,\r\n\t\t\t\tuseCSS: false,\r\n\t\t\t\teasing: \"easeInQuad\",\r\n\t\t\t\tdirection: \"horizontal\",\r\n\t\t\t\tslideshow: true,\r\n\t\t\t\tsmoothHeight: true,\r\n\t\t\t\tpauseOnHover: true,\r\n\t\t\t\tcontrolNav: false,\r\n\t\t\t\tprevText: \"\",\r\n\t\t\t\tnextText: \"\",\r\n\t\t\t\trtl: false,\r\n\t\t\t\tslideshowSpeed: 5000,\r\n\t\t\t\tstart: function(slider){\r\n\t\t\t\t\t$(\"#ewic-con-2440669f1187c0e166\").find(\".flex-caption\").hide();\r\n\t\t\t\t\tvar curSlide = slider.find(\"li.flex-active-slide\");\r\n\t\t\t\t\t$(curSlide).find(\".flex-caption\").slideDown();\r\n\t\t\t\t},\r\n\t\t\t\tbefore: function(slider) {\r\n\t\t\t\t\t$(\"#ewic-con-2440669f1187c0e166\").find(\".flex-caption\").slideUp();\r\n\t\t\t\t},\r\n\t\t\t\tafter: function(slider) {\r\n\t\t\t\t\tvar curSlide = slider.find(\"li.flex-active-slide\");\r\n\t\t\t\t\t$(curSlide).find(\".flex-caption\").slideDown();\r\n\t\t\t\t}\r\n\r\n\t\t\t});\r\n\r\n\t\t});\r\n\r\n\t});\r\n<\/script><\/div>\r\n\n","protected":false},"excerpt":{"rendered":"<p>La jornada permiti\u00f3 socializar lineamientos t\u00e9cnicos y normativos para la reprogramaci\u00f3n de obras y la ejecuci\u00f3n presupuestaria del ejercicio fiscal 2026. Alta Verapaz, jueves 22 de enero de 2026. Redacci\u00f3n: Jos\u00e9 Daniel Sanchez Fotograf\u00eda: Comunicaci\u00f3n Social &#8211; Gobernaci\u00f3n Departamental de Alta Verapaz En el marco del Sistema de Consejos de Desarrollo, este jueves 22 de [&hellip;]<\/p>\n","protected":false},"author":3,"featured_media":24407,"comment_status":"closed","ping_status":"open","sticky":false,"template":"","format":"standard","meta":[],"categories":[214],"tags":[],"_links":{"self":[{"href":"https:\/\/gobernacionaltaverapaz.gob.gt\/index.php?rest_route=\/wp\/v2\/posts\/24412"}],"collection":[{"href":"https:\/\/gobernacionaltaverapaz.gob.gt\/index.php?rest_route=\/wp\/v2\/posts"}],"about":[{"href":"https:\/\/gobernacionaltaverapaz.gob.gt\/index.php?rest_route=\/wp\/v2\/types\/post"}],"author":[{"embeddable":true,"href":"https:\/\/gobernacionaltaverapaz.gob.gt\/index.php?rest_route=\/wp\/v2\/users\/3"}],"replies":[{"embeddable":true,"href":"https:\/\/gobernacionaltaverapaz.gob.gt\/index.php?rest_route=%2Fwp%2Fv2%2Fcomments&post=24412"}],"version-history":[{"count":1,"href":"https:\/\/gobernacionaltaverapaz.gob.gt\/index.php?rest_route=\/wp\/v2\/posts\/24412\/revisions"}],"predecessor-version":[{"id":24413,"href":"https:\/\/gobernacionaltaverapaz.gob.gt\/index.php?rest_route=\/wp\/v2\/posts\/24412\/revisions\/24413"}],"wp:featuredmedia":[{"embeddable":true,"href":"https:\/\/gobernacionaltaverapaz.gob.gt\/index.php?rest_route=\/wp\/v2\/media\/24407"}],"wp:attachment":[{"href":"https:\/\/gobernacionaltaverapaz.gob.gt\/index.php?rest_route=%2Fwp%2Fv2%2Fmedia&parent=24412"}],"wp:term":[{"taxonomy":"category","embeddable":true,"href":"https:\/\/gobernacionaltaverapaz.gob.gt\/index.php?rest_route=%2Fwp%2Fv2%2Fcategories&post=24412"},{"taxonomy":"post_tag","embeddable":true,"href":"https:\/\/gobernacionaltaverapaz.gob.gt\/index.php?rest_route=%2Fwp%2Fv2%2Ftags&post=24412"}],"curies":[{"name":"wp","href":"https:\/\/api.w.org\/{rel}","templated":true}]}}