{"id":24415,"date":"2026-01-27T10:58:53","date_gmt":"2026-01-27T16:58:53","guid":{"rendered":"https:\/\/gobernacionaltaverapaz.gob.gt\/?p=24415"},"modified":"2026-01-27T10:59:11","modified_gmt":"2026-01-27T16:59:11","slug":"iniciativa-mano-a-mano-fortalece-la-coordinacion-entre-gobierno-central-y-autoridades-locales","status":"publish","type":"post","link":"https:\/\/gobernacionaltaverapaz.gob.gt\/?p=24415","title":{"rendered":"Iniciativa Mano a Mano fortalece la coordinaci\u00f3n entre Gobierno Central y autoridades locales."},"content":{"rendered":"<p><b>El encuentro con gobernadores y alcaldes permiti\u00f3 fortalecer la articulaci\u00f3n interinstitucional para el desarrollo social y nutricional en el territorio.<\/b><\/p>\n<p><b>Guatemala, 21 de enero de 2026.<\/b><b><br \/>\n<\/b> <b>Redacci\u00f3n:<\/b><span style=\"font-weight: 400;\"> Jos\u00e9 Daniel Sanchez<\/span><span style=\"font-weight: 400;\"><br \/>\n<\/span> <b>Fotograf\u00eda:<\/b><span style=\"font-weight: 400;\"> Ministerio de Desarrollo Social<\/span><\/p>\n<p><span style=\"font-weight: 400;\">En el marco de la Iniciativa Intersectorial del <\/span><b>Gobierno de Guatemala<\/b> <i><span style=\"font-weight: 400;\">Mano a Mano<\/span><\/i><span style=\"font-weight: 400;\">, se desarroll\u00f3 un encuentro con gobernadores departamentales y alcaldes municipales, orientado a fortalecer la coordinaci\u00f3n interinstitucional y el desarrollo integral de la poblaci\u00f3n, mediante una intervenci\u00f3n articulada entre el Gobierno Central y los gobiernos locales.<\/span><\/p>\n<p><span style=\"font-weight: 400;\">La jornada cont\u00f3 con el respaldo del <\/span><b>Ministerio de Desarrollo Social<\/b><span style=\"font-weight: 400;\"> (MIDES), encabezado por el ministro Abelardo Pinto, y la participaci\u00f3n de autoridades del sector social y nutricional, quienes presentaron los resultados generales del Registro Social de Hogares (RSH), el estado de la nutrici\u00f3n humana en el pa\u00eds y los lineamientos de implementaci\u00f3n de la estrategia intersectorial Mano a Mano.<\/span><\/p>\n<p><span style=\"font-weight: 400;\">Durante el encuentro se abordaron aspectos relacionados con la gobernanza territorial de la iniciativa, destacando el rol de los gobernadores departamentales y alcaldes municipales en la articulaci\u00f3n interinstitucional, la planificaci\u00f3n de acciones a nivel local y la coordinaci\u00f3n de los Consejos Municipales de Desarrollo (COMUDE), como espacios clave para la ejecuci\u00f3n de la estrategia en los territorios.<\/span><\/p>\n<p><span style=\"font-weight: 400;\">En representaci\u00f3n del departamento, particip\u00f3 la Gobernadora Departamental de Alta Verapaz, Dilia Margarita C\u00f3 Coy, quien reafirm\u00f3 el compromiso de impulsar la implementaci\u00f3n de la iniciativa Mano a Mano en el territorio, fortaleciendo la coordinaci\u00f3n entre las instituciones del Estado y los gobiernos municipales, en beneficio de las familias del departamento.<\/span><\/p>\n<p><span style=\"font-weight: 400;\">Este espacio permiti\u00f3 fortalecer el di\u00e1logo entre el Gobierno Central, los gobiernos departamentales y municipales, promoviendo una intervenci\u00f3n m\u00e1s efectiva y coordinada en materia de desarrollo social, seguridad alimentaria y nutricional, con enfoque territorial.<\/span><\/p>\n<p><span style=\"font-weight: 400;\">La Gobernaci\u00f3n Departamental de Alta Verapaz reafirma su compromiso de continuar promoviendo la articulaci\u00f3n interinstitucional y el trabajo conjunto con las instituciones del Ejecutivo y los gobiernos locales, para contribuir al desarrollo integral y al bienestar de la poblaci\u00f3n altaverapacense.<\/span><\/p>\n<div class=\"flexslider ewic-slider-lite is_on_\" id=\"ewic-con-2441769f11912351d4\"><style>#ewic-con-2441769f11912351d4 .flex-direction-nav .flex-next, #ewic-con-2441769f11912351d4 .flex-direction-nav .flex-prev {opacity: 1;} #ewic-con-2441769f11912351d4 .flex-direction-nav .flex-next {right: 10px !important; text-align: right !important;} #ewic-con-2441769f11912351d4 .flex-direction-nav .flex-prev {left: 10px !important;}<\/style><div id=\"preloader-2441769f11912351d4\" class=\"sliderpreloader\"><\/div><ul style=\"display:none;\" class=\"slides flexslider-2441769f11912351d4\"><li class=\"ewic-slider\"><a href=\"https:\/\/gobernacionaltaverapaz.gob.gt\/wp-content\/uploads\/2026\/01\/WhatsApp-Image-2026-01-22-at-3.31.51-PM.jpeg\" title=\"WhatsApp Image 2026 01 22 At 3.31.51 PM\" rel=\"ewicprettyPhoto[2441769f11912351d4]\"><img title=\"WhatsApp Image 2026 01 22 At 3.31.51 PM\" class=\"ewic-wid-imgs\" src=\"https:\/\/gobernacionaltaverapaz.gob.gt\/wp-content\/uploads\/2026\/01\/WhatsApp-Image-2026-01-22-at-3.31.51-PM.jpeg\" \/><p class=\"flex-caption\">WhatsApp Image 2026 01 22 At 3.31.51 PM<\/p><\/a><\/li><li class=\"ewic-slider\"><a href=\"https:\/\/gobernacionaltaverapaz.gob.gt\/wp-content\/uploads\/2026\/01\/WhatsApp-Image-2026-01-22-at-3.31.56-PM.jpeg\" title=\"WhatsApp Image 2026 01 22 At 3.31.56 PM\" rel=\"ewicprettyPhoto[2441769f11912351d4]\"><img title=\"WhatsApp Image 2026 01 22 At 3.31.56 PM\" class=\"ewic-wid-imgs\" src=\"https:\/\/gobernacionaltaverapaz.gob.gt\/wp-content\/uploads\/2026\/01\/WhatsApp-Image-2026-01-22-at-3.31.56-PM.jpeg\" \/><p class=\"flex-caption\">WhatsApp Image 2026 01 22 At 3.31.56 PM<\/p><\/a><\/li><li class=\"ewic-slider\"><a href=\"https:\/\/gobernacionaltaverapaz.gob.gt\/wp-content\/uploads\/2026\/01\/WhatsApp-Image-2026-01-22-at-3.31.54-PM.jpeg\" title=\"WhatsApp Image 2026 01 22 At 3.31.54 PM\" rel=\"ewicprettyPhoto[2441769f11912351d4]\"><img title=\"WhatsApp Image 2026 01 22 At 3.31.54 PM\" class=\"ewic-wid-imgs\" src=\"https:\/\/gobernacionaltaverapaz.gob.gt\/wp-content\/uploads\/2026\/01\/WhatsApp-Image-2026-01-22-at-3.31.54-PM.jpeg\" \/><p class=\"flex-caption\">WhatsApp Image 2026 01 22 At 3.31.54 PM<\/p><\/a><\/li><li class=\"ewic-slider\"><a href=\"https:\/\/gobernacionaltaverapaz.gob.gt\/wp-content\/uploads\/2026\/01\/WhatsApp-Image-2026-01-22-at-3.31.55-PM-1.jpeg\" title=\"WhatsApp Image 2026 01 22 At 3.31.55 PM\" rel=\"ewicprettyPhoto[2441769f11912351d4]\"><img title=\"WhatsApp Image 2026 01 22 At 3.31.55 PM\" class=\"ewic-wid-imgs\" src=\"https:\/\/gobernacionaltaverapaz.gob.gt\/wp-content\/uploads\/2026\/01\/WhatsApp-Image-2026-01-22-at-3.31.55-PM-1.jpeg\" \/><p class=\"flex-caption\">WhatsApp Image 2026 01 22 At 3.31.55 PM<\/p><\/a><\/li><\/ul><script type=\"text\/javascript\">\r\n\tjQuery(document).ready(function($) {\r\n\r\n\t\t$(\"#preloader-2441769f11912351d4\").fadeOut(500, function () {\r\n\r\n\t\t\t$(\"#ewic-con-2441769f11912351d4\").addClass(\"ready_to_show\");\r\n\r\n\t\t\t$(\"a[rel^='ewicprettyPhoto[2441769f11912351d4]']\").ewcPhoto({\r\n\t\t\t\ttheme: \"ewc_default\",\r\n\t\t\t\tallow_expand: false,\r\n\t\t\t\tdeeplinking: false,\r\n\t\t\t\tslideshow:5000,\r\n\t\t\t\tautoplay_slideshow:true,\r\n\t\t\t\tsocial_tools:false\r\n\t\t\t});\r\n\r\n\t\t\t$(\".flexslider-2441769f11912351d4\").fadeIn(300);\r\n\r\n\t\t\t$(\"#ewic-con-2441769f11912351d4\").flexslider({\r\n\t\t\t\tanimation: \"slide\",\r\n\t\t\t\tanimationSpeed: 0,\r\n\t\t\t\tuseCSS: false,\r\n\t\t\t\teasing: \"easeInQuad\",\r\n\t\t\t\tdirection: \"horizontal\",\r\n\t\t\t\tslideshow: true,\r\n\t\t\t\tsmoothHeight: true,\r\n\t\t\t\tpauseOnHover: true,\r\n\t\t\t\tcontrolNav: false,\r\n\t\t\t\tprevText: \"\",\r\n\t\t\t\tnextText: \"\",\r\n\t\t\t\trtl: false,\r\n\t\t\t\tslideshowSpeed: 5000,\r\n\t\t\t\tstart: function(slider){\r\n\t\t\t\t\t$(\"#ewic-con-2441769f11912351d4\").find(\".flex-caption\").hide();\r\n\t\t\t\t\tvar curSlide = slider.find(\"li.flex-active-slide\");\r\n\t\t\t\t\t$(curSlide).find(\".flex-caption\").slideDown();\r\n\t\t\t\t},\r\n\t\t\t\tbefore: function(slider) {\r\n\t\t\t\t\t$(\"#ewic-con-2441769f11912351d4\").find(\".flex-caption\").slideUp();\r\n\t\t\t\t},\r\n\t\t\t\tafter: function(slider) {\r\n\t\t\t\t\tvar curSlide = slider.find(\"li.flex-active-slide\");\r\n\t\t\t\t\t$(curSlide).find(\".flex-caption\").slideDown();\r\n\t\t\t\t}\r\n\r\n\t\t\t});\r\n\r\n\t\t});\r\n\r\n\t});\r\n<\/script><\/div>\r\n\n","protected":false},"excerpt":{"rendered":"<p>El encuentro con gobernadores y alcaldes permiti\u00f3 fortalecer la articulaci\u00f3n interinstitucional para el desarrollo social y nutricional en el territorio. Guatemala, 21 de enero de 2026. Redacci\u00f3n: Jos\u00e9 Daniel Sanchez Fotograf\u00eda: Ministerio de Desarrollo Social En el marco de la Iniciativa Intersectorial del Gobierno de Guatemala Mano a Mano, se desarroll\u00f3 un encuentro con gobernadores [&hellip;]<\/p>\n","protected":false},"author":3,"featured_media":24416,"comment_status":"closed","ping_status":"open","sticky":false,"template":"","format":"standard","meta":[],"categories":[214],"tags":[],"_links":{"self":[{"href":"https:\/\/gobernacionaltaverapaz.gob.gt\/index.php?rest_route=\/wp\/v2\/posts\/24415"}],"collection":[{"href":"https:\/\/gobernacionaltaverapaz.gob.gt\/index.php?rest_route=\/wp\/v2\/posts"}],"about":[{"href":"https:\/\/gobernacionaltaverapaz.gob.gt\/index.php?rest_route=\/wp\/v2\/types\/post"}],"author":[{"embeddable":true,"href":"https:\/\/gobernacionaltaverapaz.gob.gt\/index.php?rest_route=\/wp\/v2\/users\/3"}],"replies":[{"embeddable":true,"href":"https:\/\/gobernacionaltaverapaz.gob.gt\/index.php?rest_route=%2Fwp%2Fv2%2Fcomments&post=24415"}],"version-history":[{"count":2,"href":"https:\/\/gobernacionaltaverapaz.gob.gt\/index.php?rest_route=\/wp\/v2\/posts\/24415\/revisions"}],"predecessor-version":[{"id":24423,"href":"https:\/\/gobernacionaltaverapaz.gob.gt\/index.php?rest_route=\/wp\/v2\/posts\/24415\/revisions\/24423"}],"wp:featuredmedia":[{"embeddable":true,"href":"https:\/\/gobernacionaltaverapaz.gob.gt\/index.php?rest_route=\/wp\/v2\/media\/24416"}],"wp:attachment":[{"href":"https:\/\/gobernacionaltaverapaz.gob.gt\/index.php?rest_route=%2Fwp%2Fv2%2Fmedia&parent=24415"}],"wp:term":[{"taxonomy":"category","embeddable":true,"href":"https:\/\/gobernacionaltaverapaz.gob.gt\/index.php?rest_route=%2Fwp%2Fv2%2Fcategories&post=24415"},{"taxonomy":"post_tag","embeddable":true,"href":"https:\/\/gobernacionaltaverapaz.gob.gt\/index.php?rest_route=%2Fwp%2Fv2%2Ftags&post=24415"}],"curies":[{"name":"wp","href":"https:\/\/api.w.org\/{rel}","templated":true}]}}