{"id":24424,"date":"2026-01-27T11:04:43","date_gmt":"2026-01-27T17:04:43","guid":{"rendered":"https:\/\/gobernacionaltaverapaz.gob.gt\/?p=24424"},"modified":"2026-01-27T11:05:22","modified_gmt":"2026-01-27T17:05:22","slug":"alta-verapaz-inicia-proceso-de-articulacion-departamental-de-la-iniciativa-mano-a-mano","status":"publish","type":"post","link":"https:\/\/gobernacionaltaverapaz.gob.gt\/?p=24424","title":{"rendered":"Alta Verapaz inicia proceso de articulaci\u00f3n departamental de la iniciativa Mano a Mano"},"content":{"rendered":"<p><b>La reuni\u00f3n permiti\u00f3 socializar los alcances de la iniciativa y definir mecanismos de coordinaci\u00f3n interinstitucional para su implementaci\u00f3n en el territorio.<\/b><\/p>\n<p><b>Cob\u00e1n, Alta Verapaz, viernes 23 de enero de 2026.<\/b><b><br \/>\n<\/b> <b>Redacci\u00f3n:<\/b><span style=\"font-weight: 400;\"> Jos\u00e9 Daniel Sanchez<\/span><span style=\"font-weight: 400;\"><br \/>\n<\/span> <b>Fotograf\u00eda:<\/b><span style=\"font-weight: 400;\"> Jos\u00e9 Daniel Sanchez &#8211; Comunicaci\u00f3n Social &#8211; Gobernaci\u00f3n Departamental de Alta Verapaz<\/span><\/p>\n<p><span style=\"font-weight: 400;\">Este viernes 23 de enero de 2026, la <\/span><b>Gobernaci\u00f3n Departamental de Alta Verapaz<\/b><span style=\"font-weight: 400;\"> llev\u00f3 a cabo la primera reuni\u00f3n de presentaci\u00f3n y coordinaci\u00f3n con jefes institucionales del departamento, en el marco de la implementaci\u00f3n de la iniciativa intersectorial <\/span><i><span style=\"font-weight: 400;\">Mano a Mano<\/span><\/i><span style=\"font-weight: 400;\">.<\/span><\/p>\n<p><span style=\"font-weight: 400;\">La reuni\u00f3n se desarroll\u00f3 en seguimiento a los lineamientos establecidos durante el encuentro sostenido con el <\/span><b>Ministerio de Desarrollo Social<\/b><span style=\"font-weight: 400;\">, encabezado por el ministro <\/span><b>Abelardo Pinto<\/b><span style=\"font-weight: 400;\">, y tuvo como objetivo socializar los alcances de la iniciativa, definir mecanismos de articulaci\u00f3n interinstitucional y fortalecer la coordinaci\u00f3n para su implementaci\u00f3n a nivel territorial.<\/span><\/p>\n<p><span style=\"font-weight: 400;\">Durante la jornada se abord\u00f3 la importancia de la coordinaci\u00f3n entre las instituciones del Ejecutivo con presencia en el departamento, como un eje clave para la ejecuci\u00f3n de acciones integrales orientadas al desarrollo social, la reducci\u00f3n de brechas y el fortalecimiento de la seguridad alimentaria y nutricional de la poblaci\u00f3n.<\/span><\/p>\n<p><span style=\"font-weight: 400;\">Este espacio marca el inicio del proceso de articulaci\u00f3n departamental de la iniciativa Mano a Mano en Alta Verapaz, orientado a promover acciones coordinadas, eficientes y sostenibles entre las instituciones del Estado, con enfoque territorial y atenci\u00f3n prioritaria a las comunidades m\u00e1s vulnerables.<\/span><\/p>\n<p><span style=\"font-weight: 400;\">La Gobernaci\u00f3n Departamental de Alta Verapaz reafirma su compromiso de continuar promoviendo espacios de coordinaci\u00f3n interinstitucional que fortalezcan la presencia del Estado en el territorio y contribuyan al desarrollo integral de la poblaci\u00f3n altaverapacense.<\/span><\/p>\n<div class=\"flexslider ewic-slider-lite is_on_\" id=\"ewic-con-2442569f1082d4ad36\"><style>#ewic-con-2442569f1082d4ad36 .flex-direction-nav .flex-next, #ewic-con-2442569f1082d4ad36 .flex-direction-nav .flex-prev {opacity: 1;} #ewic-con-2442569f1082d4ad36 .flex-direction-nav .flex-next {right: 10px !important; text-align: right !important;} #ewic-con-2442569f1082d4ad36 .flex-direction-nav .flex-prev {left: 10px !important;}<\/style><div id=\"preloader-2442569f1082d4ad36\" class=\"sliderpreloader\"><\/div><ul style=\"display:none;\" class=\"slides flexslider-2442569f1082d4ad36\"><li class=\"ewic-slider\"><a href=\"https:\/\/gobernacionaltaverapaz.gob.gt\/wp-content\/uploads\/2026\/01\/MG_0133.jpg\" title=\"_MG_0133\" rel=\"ewicprettyPhoto[2442569f1082d4ad36]\"><img title=\"_MG_0133\" class=\"ewic-wid-imgs\" src=\"https:\/\/gobernacionaltaverapaz.gob.gt\/wp-content\/uploads\/2026\/01\/MG_0133.jpg\" \/><p class=\"flex-caption\">_MG_0133<\/p><\/a><\/li><li class=\"ewic-slider\"><a href=\"https:\/\/gobernacionaltaverapaz.gob.gt\/wp-content\/uploads\/2026\/01\/MG_0139.jpg\" title=\"_MG_0139\" rel=\"ewicprettyPhoto[2442569f1082d4ad36]\"><img title=\"_MG_0139\" class=\"ewic-wid-imgs\" src=\"https:\/\/gobernacionaltaverapaz.gob.gt\/wp-content\/uploads\/2026\/01\/MG_0139.jpg\" \/><p class=\"flex-caption\">_MG_0139<\/p><\/a><\/li><li class=\"ewic-slider\"><a href=\"https:\/\/gobernacionaltaverapaz.gob.gt\/wp-content\/uploads\/2026\/01\/MG_0142.jpg\" title=\"_MG_0142\" rel=\"ewicprettyPhoto[2442569f1082d4ad36]\"><img title=\"_MG_0142\" class=\"ewic-wid-imgs\" src=\"https:\/\/gobernacionaltaverapaz.gob.gt\/wp-content\/uploads\/2026\/01\/MG_0142.jpg\" \/><p class=\"flex-caption\">_MG_0142<\/p><\/a><\/li><li class=\"ewic-slider\"><a href=\"https:\/\/gobernacionaltaverapaz.gob.gt\/wp-content\/uploads\/2026\/01\/MG_0149.jpg\" title=\"_MG_0149\" rel=\"ewicprettyPhoto[2442569f1082d4ad36]\"><img title=\"_MG_0149\" class=\"ewic-wid-imgs\" src=\"https:\/\/gobernacionaltaverapaz.gob.gt\/wp-content\/uploads\/2026\/01\/MG_0149.jpg\" \/><p class=\"flex-caption\">_MG_0149<\/p><\/a><\/li><li class=\"ewic-slider\"><a href=\"https:\/\/gobernacionaltaverapaz.gob.gt\/wp-content\/uploads\/2026\/01\/MG_0151.jpg\" title=\"_MG_0151\" rel=\"ewicprettyPhoto[2442569f1082d4ad36]\"><img title=\"_MG_0151\" class=\"ewic-wid-imgs\" src=\"https:\/\/gobernacionaltaverapaz.gob.gt\/wp-content\/uploads\/2026\/01\/MG_0151.jpg\" \/><p class=\"flex-caption\">_MG_0151<\/p><\/a><\/li><li class=\"ewic-slider\"><a href=\"https:\/\/gobernacionaltaverapaz.gob.gt\/wp-content\/uploads\/2026\/01\/MG_0154.jpg\" title=\"_MG_0154\" rel=\"ewicprettyPhoto[2442569f1082d4ad36]\"><img title=\"_MG_0154\" class=\"ewic-wid-imgs\" src=\"https:\/\/gobernacionaltaverapaz.gob.gt\/wp-content\/uploads\/2026\/01\/MG_0154.jpg\" \/><p class=\"flex-caption\">_MG_0154<\/p><\/a><\/li><\/ul><script type=\"text\/javascript\">\r\n\tjQuery(document).ready(function($) {\r\n\r\n\t\t$(\"#preloader-2442569f1082d4ad36\").fadeOut(500, function () {\r\n\r\n\t\t\t$(\"#ewic-con-2442569f1082d4ad36\").addClass(\"ready_to_show\");\r\n\r\n\t\t\t$(\"a[rel^='ewicprettyPhoto[2442569f1082d4ad36]']\").ewcPhoto({\r\n\t\t\t\ttheme: \"ewc_default\",\r\n\t\t\t\tallow_expand: false,\r\n\t\t\t\tdeeplinking: false,\r\n\t\t\t\tslideshow:5000,\r\n\t\t\t\tautoplay_slideshow:true,\r\n\t\t\t\tsocial_tools:false\r\n\t\t\t});\r\n\r\n\t\t\t$(\".flexslider-2442569f1082d4ad36\").fadeIn(300);\r\n\r\n\t\t\t$(\"#ewic-con-2442569f1082d4ad36\").flexslider({\r\n\t\t\t\tanimation: \"slide\",\r\n\t\t\t\tanimationSpeed: 0,\r\n\t\t\t\tuseCSS: false,\r\n\t\t\t\teasing: \"easeInQuad\",\r\n\t\t\t\tdirection: \"horizontal\",\r\n\t\t\t\tslideshow: true,\r\n\t\t\t\tsmoothHeight: true,\r\n\t\t\t\tpauseOnHover: true,\r\n\t\t\t\tcontrolNav: false,\r\n\t\t\t\tprevText: \"\",\r\n\t\t\t\tnextText: \"\",\r\n\t\t\t\trtl: false,\r\n\t\t\t\tslideshowSpeed: 5000,\r\n\t\t\t\tstart: function(slider){\r\n\t\t\t\t\t$(\"#ewic-con-2442569f1082d4ad36\").find(\".flex-caption\").hide();\r\n\t\t\t\t\tvar curSlide = slider.find(\"li.flex-active-slide\");\r\n\t\t\t\t\t$(curSlide).find(\".flex-caption\").slideDown();\r\n\t\t\t\t},\r\n\t\t\t\tbefore: function(slider) {\r\n\t\t\t\t\t$(\"#ewic-con-2442569f1082d4ad36\").find(\".flex-caption\").slideUp();\r\n\t\t\t\t},\r\n\t\t\t\tafter: function(slider) {\r\n\t\t\t\t\tvar curSlide = slider.find(\"li.flex-active-slide\");\r\n\t\t\t\t\t$(curSlide).find(\".flex-caption\").slideDown();\r\n\t\t\t\t}\r\n\r\n\t\t\t});\r\n\r\n\t\t});\r\n\r\n\t});\r\n<\/script><\/div>\r\n\n","protected":false},"excerpt":{"rendered":"<p>La reuni\u00f3n permiti\u00f3 socializar los alcances de la iniciativa y definir mecanismos de coordinaci\u00f3n interinstitucional para su implementaci\u00f3n en el territorio. Cob\u00e1n, Alta Verapaz, viernes 23 de enero de 2026. Redacci\u00f3n: Jos\u00e9 Daniel Sanchez Fotograf\u00eda: Jos\u00e9 Daniel Sanchez &#8211; Comunicaci\u00f3n Social &#8211; Gobernaci\u00f3n Departamental de Alta Verapaz Este viernes 23 de enero de 2026, la [&hellip;]<\/p>\n","protected":false},"author":3,"featured_media":24433,"comment_status":"closed","ping_status":"open","sticky":false,"template":"","format":"standard","meta":[],"categories":[214],"tags":[],"_links":{"self":[{"href":"https:\/\/gobernacionaltaverapaz.gob.gt\/index.php?rest_route=\/wp\/v2\/posts\/24424"}],"collection":[{"href":"https:\/\/gobernacionaltaverapaz.gob.gt\/index.php?rest_route=\/wp\/v2\/posts"}],"about":[{"href":"https:\/\/gobernacionaltaverapaz.gob.gt\/index.php?rest_route=\/wp\/v2\/types\/post"}],"author":[{"embeddable":true,"href":"https:\/\/gobernacionaltaverapaz.gob.gt\/index.php?rest_route=\/wp\/v2\/users\/3"}],"replies":[{"embeddable":true,"href":"https:\/\/gobernacionaltaverapaz.gob.gt\/index.php?rest_route=%2Fwp%2Fv2%2Fcomments&post=24424"}],"version-history":[{"count":2,"href":"https:\/\/gobernacionaltaverapaz.gob.gt\/index.php?rest_route=\/wp\/v2\/posts\/24424\/revisions"}],"predecessor-version":[{"id":24434,"href":"https:\/\/gobernacionaltaverapaz.gob.gt\/index.php?rest_route=\/wp\/v2\/posts\/24424\/revisions\/24434"}],"wp:featuredmedia":[{"embeddable":true,"href":"https:\/\/gobernacionaltaverapaz.gob.gt\/index.php?rest_route=\/wp\/v2\/media\/24433"}],"wp:attachment":[{"href":"https:\/\/gobernacionaltaverapaz.gob.gt\/index.php?rest_route=%2Fwp%2Fv2%2Fmedia&parent=24424"}],"wp:term":[{"taxonomy":"category","embeddable":true,"href":"https:\/\/gobernacionaltaverapaz.gob.gt\/index.php?rest_route=%2Fwp%2Fv2%2Fcategories&post=24424"},{"taxonomy":"post_tag","embeddable":true,"href":"https:\/\/gobernacionaltaverapaz.gob.gt\/index.php?rest_route=%2Fwp%2Fv2%2Ftags&post=24424"}],"curies":[{"name":"wp","href":"https:\/\/api.w.org\/{rel}","templated":true}]}}