{"id":24435,"date":"2026-01-27T11:08:42","date_gmt":"2026-01-27T17:08:42","guid":{"rendered":"https:\/\/gobernacionaltaverapaz.gob.gt\/?p=24435"},"modified":"2026-01-27T11:08:58","modified_gmt":"2026-01-27T17:08:58","slug":"unidad-tecnica-departamental-de-alta-verapaz-desarrolla-primera-reunion-ordinaria-del-ano-2026","status":"publish","type":"post","link":"https:\/\/gobernacionaltaverapaz.gob.gt\/?p=24435","title":{"rendered":"Unidad T\u00e9cnica Departamental de Alta Verapaz desarrolla primera reuni\u00f3n ordinaria del a\u00f1o 2026"},"content":{"rendered":"<p><b>La jornada permiti\u00f3 dar seguimiento t\u00e9cnico a los procesos de planificaci\u00f3n, evaluaci\u00f3n y gesti\u00f3n de proyectos de inversi\u00f3n p\u00fablica en el marco del Sistema de Consejos de Desarrollo.<\/b><\/p>\n<p><b>Cob\u00e1n, Alta Verapaz, viernes 23 de enero de 2026.<\/b><b><br \/>\n<\/b> <b>Redacci\u00f3n:<\/b><span style=\"font-weight: 400;\"> Jos\u00e9 Daniel Sanchez<\/span><span style=\"font-weight: 400;\"><br \/>\n<\/span> <b>Fotograf\u00eda:<\/b><span style=\"font-weight: 400;\"> Jos\u00e9 Daniel Sanchez &#8211; Comunicaci\u00f3n Social &#8211; Gobernaci\u00f3n Departamental de Alta Verapaz<\/span><\/p>\n<p><span style=\"font-weight: 400;\">En el marco del Sistema de Consejos de Desarrollo Urbano y Rural, se desarroll\u00f3 la primera reuni\u00f3n ordinaria del a\u00f1o 2026 de la Unidad T\u00e9cnica Departamental (UTD) de Alta Verapaz, con el objetivo de dar seguimiento t\u00e9cnico a los procesos de planificaci\u00f3n, evaluaci\u00f3n y gesti\u00f3n de proyectos de inversi\u00f3n p\u00fablica impulsados a nivel departamental.<\/span><\/p>\n<p><span style=\"font-weight: 400;\">Durante la jornada se verific\u00f3 la asistencia de los participantes, se dio la bienvenida oficial y se aprob\u00f3 la agenda de trabajo, dando continuidad al seguimiento de los acuerdos derivados de la reuni\u00f3n anterior, como parte del proceso t\u00e9cnico permanente de la UTD.<\/span><\/p>\n<p><span style=\"font-weight: 400;\">Entre los principales puntos abordados se destac\u00f3 el avance en la conformaci\u00f3n de la Cartera de Proyectos 2026, incluyendo la revisi\u00f3n de criterios t\u00e9cnicos y el estado de los expedientes, as\u00ed como la aplicabilidad de los acuerdos CONRED NRD2 relacionados con la gesti\u00f3n del riesgo en la ejecuci\u00f3n de proyectos.<\/span><\/p>\n<p><span style=\"font-weight: 400;\">Asimismo, se realiz\u00f3 un an\u00e1lisis de las reformas al art\u00edculo 30 bis del Decreto 101-97, Ley Org\u00e1nica del Presupuesto, evaluando su impacto en los procesos de ejecuci\u00f3n de proyectos, y se present\u00f3 el listado de chequeo para pruebas de laboratorio y certificados de calidad, como parte de los mecanismos de control t\u00e9cnico.<\/span><\/p>\n<p><span style=\"font-weight: 400;\">Como parte del fortalecimiento de la gesti\u00f3n documental y administrativa, se presentaron los listados de chequeo para la conformaci\u00f3n de expedientes de proyectos y para la gesti\u00f3n de desembolsos, con \u00e9nfasis en el cumplimiento de los requisitos t\u00e9cnicos, administrativos y financieros establecidos.<\/span><\/p>\n<p><span style=\"font-weight: 400;\">Durante la reuni\u00f3n tambi\u00e9n se brind\u00f3 informaci\u00f3n sobre los recursos del Fondo Nacional para el Desarrollo Econ\u00f3mico de la Naci\u00f3n (FONPETROL) y su vinculaci\u00f3n con proyectos de inversi\u00f3n, as\u00ed como la revisi\u00f3n de proyectos a ser remitidos a Fondo Com\u00fan, conforme a los lineamientos vigentes. Finalmente, en el punto de varios, se abordaron asuntos adicionales de inter\u00e9s t\u00e9cnico.<\/span><\/p>\n<p><span style=\"font-weight: 400;\">La <\/span><b>Gobernaci\u00f3n Departamental de Alta Verapaz<\/b><span style=\"font-weight: 400;\">, a trav\u00e9s de la Unidad T\u00e9cnica Departamental, contin\u00faa promoviendo espacios de coordinaci\u00f3n t\u00e9cnica interinstitucional que permiten fortalecer los procesos de planificaci\u00f3n, evaluaci\u00f3n y control de proyectos, asegurando el cumplimiento de la normativa vigente y contribuyendo al desarrollo integral del departamento.<\/span><\/p>\n<div class=\"flexslider ewic-slider-lite is_on_\" id=\"ewic-con-2443669f0f1138c5c4\"><style>#ewic-con-2443669f0f1138c5c4 .flex-direction-nav .flex-next, #ewic-con-2443669f0f1138c5c4 .flex-direction-nav .flex-prev {opacity: 1;} #ewic-con-2443669f0f1138c5c4 .flex-direction-nav .flex-next {right: 10px !important; text-align: right !important;} #ewic-con-2443669f0f1138c5c4 .flex-direction-nav .flex-prev {left: 10px !important;}<\/style><div id=\"preloader-2443669f0f1138c5c4\" class=\"sliderpreloader\"><\/div><ul style=\"display:none;\" class=\"slides flexslider-2443669f0f1138c5c4\"><li class=\"ewic-slider\"><a href=\"https:\/\/gobernacionaltaverapaz.gob.gt\/wp-content\/uploads\/2026\/01\/MG_0112.jpg\" title=\"_MG_0112\" rel=\"ewicprettyPhoto[2443669f0f1138c5c4]\"><img title=\"_MG_0112\" class=\"ewic-wid-imgs\" src=\"https:\/\/gobernacionaltaverapaz.gob.gt\/wp-content\/uploads\/2026\/01\/MG_0112.jpg\" \/><p class=\"flex-caption\">_MG_0112<\/p><\/a><\/li><li class=\"ewic-slider\"><a href=\"https:\/\/gobernacionaltaverapaz.gob.gt\/wp-content\/uploads\/2026\/01\/MG_0052.jpg\" title=\"_MG_0052\" rel=\"ewicprettyPhoto[2443669f0f1138c5c4]\"><img title=\"_MG_0052\" class=\"ewic-wid-imgs\" src=\"https:\/\/gobernacionaltaverapaz.gob.gt\/wp-content\/uploads\/2026\/01\/MG_0052.jpg\" \/><p class=\"flex-caption\">_MG_0052<\/p><\/a><\/li><li class=\"ewic-slider\"><a href=\"https:\/\/gobernacionaltaverapaz.gob.gt\/wp-content\/uploads\/2026\/01\/MG_0056.jpg\" title=\"_MG_0056\" rel=\"ewicprettyPhoto[2443669f0f1138c5c4]\"><img title=\"_MG_0056\" class=\"ewic-wid-imgs\" src=\"https:\/\/gobernacionaltaverapaz.gob.gt\/wp-content\/uploads\/2026\/01\/MG_0056.jpg\" \/><p class=\"flex-caption\">_MG_0056<\/p><\/a><\/li><li class=\"ewic-slider\"><a href=\"https:\/\/gobernacionaltaverapaz.gob.gt\/wp-content\/uploads\/2026\/01\/MG_0074.jpg\" title=\"_MG_0074\" rel=\"ewicprettyPhoto[2443669f0f1138c5c4]\"><img title=\"_MG_0074\" class=\"ewic-wid-imgs\" src=\"https:\/\/gobernacionaltaverapaz.gob.gt\/wp-content\/uploads\/2026\/01\/MG_0074.jpg\" \/><p class=\"flex-caption\">_MG_0074<\/p><\/a><\/li><li class=\"ewic-slider\"><a href=\"https:\/\/gobernacionaltaverapaz.gob.gt\/wp-content\/uploads\/2026\/01\/MG_0089.jpg\" title=\"_MG_0089\" rel=\"ewicprettyPhoto[2443669f0f1138c5c4]\"><img title=\"_MG_0089\" class=\"ewic-wid-imgs\" src=\"https:\/\/gobernacionaltaverapaz.gob.gt\/wp-content\/uploads\/2026\/01\/MG_0089.jpg\" \/><p class=\"flex-caption\">_MG_0089<\/p><\/a><\/li><li class=\"ewic-slider\"><a href=\"https:\/\/gobernacionaltaverapaz.gob.gt\/wp-content\/uploads\/2026\/01\/MG_0092.jpg\" title=\"_MG_0092\" rel=\"ewicprettyPhoto[2443669f0f1138c5c4]\"><img title=\"_MG_0092\" class=\"ewic-wid-imgs\" src=\"https:\/\/gobernacionaltaverapaz.gob.gt\/wp-content\/uploads\/2026\/01\/MG_0092.jpg\" \/><p class=\"flex-caption\">_MG_0092<\/p><\/a><\/li><li class=\"ewic-slider\"><a href=\"https:\/\/gobernacionaltaverapaz.gob.gt\/wp-content\/uploads\/2026\/01\/MG_0093.jpg\" title=\"_MG_0093\" rel=\"ewicprettyPhoto[2443669f0f1138c5c4]\"><img title=\"_MG_0093\" class=\"ewic-wid-imgs\" src=\"https:\/\/gobernacionaltaverapaz.gob.gt\/wp-content\/uploads\/2026\/01\/MG_0093.jpg\" \/><p class=\"flex-caption\">_MG_0093<\/p><\/a><\/li><\/ul><script type=\"text\/javascript\">\r\n\tjQuery(document).ready(function($) {\r\n\r\n\t\t$(\"#preloader-2443669f0f1138c5c4\").fadeOut(500, function () {\r\n\r\n\t\t\t$(\"#ewic-con-2443669f0f1138c5c4\").addClass(\"ready_to_show\");\r\n\r\n\t\t\t$(\"a[rel^='ewicprettyPhoto[2443669f0f1138c5c4]']\").ewcPhoto({\r\n\t\t\t\ttheme: \"ewc_default\",\r\n\t\t\t\tallow_expand: false,\r\n\t\t\t\tdeeplinking: false,\r\n\t\t\t\tslideshow:5000,\r\n\t\t\t\tautoplay_slideshow:true,\r\n\t\t\t\tsocial_tools:false\r\n\t\t\t});\r\n\r\n\t\t\t$(\".flexslider-2443669f0f1138c5c4\").fadeIn(300);\r\n\r\n\t\t\t$(\"#ewic-con-2443669f0f1138c5c4\").flexslider({\r\n\t\t\t\tanimation: \"slide\",\r\n\t\t\t\tanimationSpeed: 0,\r\n\t\t\t\tuseCSS: false,\r\n\t\t\t\teasing: \"easeInQuad\",\r\n\t\t\t\tdirection: \"horizontal\",\r\n\t\t\t\tslideshow: true,\r\n\t\t\t\tsmoothHeight: true,\r\n\t\t\t\tpauseOnHover: true,\r\n\t\t\t\tcontrolNav: false,\r\n\t\t\t\tprevText: \"\",\r\n\t\t\t\tnextText: \"\",\r\n\t\t\t\trtl: false,\r\n\t\t\t\tslideshowSpeed: 5000,\r\n\t\t\t\tstart: function(slider){\r\n\t\t\t\t\t$(\"#ewic-con-2443669f0f1138c5c4\").find(\".flex-caption\").hide();\r\n\t\t\t\t\tvar curSlide = slider.find(\"li.flex-active-slide\");\r\n\t\t\t\t\t$(curSlide).find(\".flex-caption\").slideDown();\r\n\t\t\t\t},\r\n\t\t\t\tbefore: function(slider) {\r\n\t\t\t\t\t$(\"#ewic-con-2443669f0f1138c5c4\").find(\".flex-caption\").slideUp();\r\n\t\t\t\t},\r\n\t\t\t\tafter: function(slider) {\r\n\t\t\t\t\tvar curSlide = slider.find(\"li.flex-active-slide\");\r\n\t\t\t\t\t$(curSlide).find(\".flex-caption\").slideDown();\r\n\t\t\t\t}\r\n\r\n\t\t\t});\r\n\r\n\t\t});\r\n\r\n\t});\r\n<\/script><\/div>\r\n\n<p>&nbsp;<\/p>\n","protected":false},"excerpt":{"rendered":"<p>La jornada permiti\u00f3 dar seguimiento t\u00e9cnico a los procesos de planificaci\u00f3n, evaluaci\u00f3n y gesti\u00f3n de proyectos de inversi\u00f3n p\u00fablica en el marco del Sistema de Consejos de Desarrollo. Cob\u00e1n, Alta Verapaz, viernes 23 de enero de 2026. Redacci\u00f3n: Jos\u00e9 Daniel Sanchez Fotograf\u00eda: Jos\u00e9 Daniel Sanchez &#8211; Comunicaci\u00f3n Social &#8211; Gobernaci\u00f3n Departamental de Alta Verapaz En [&hellip;]<\/p>\n","protected":false},"author":3,"featured_media":24439,"comment_status":"closed","ping_status":"open","sticky":false,"template":"","format":"standard","meta":[],"categories":[214],"tags":[],"_links":{"self":[{"href":"https:\/\/gobernacionaltaverapaz.gob.gt\/index.php?rest_route=\/wp\/v2\/posts\/24435"}],"collection":[{"href":"https:\/\/gobernacionaltaverapaz.gob.gt\/index.php?rest_route=\/wp\/v2\/posts"}],"about":[{"href":"https:\/\/gobernacionaltaverapaz.gob.gt\/index.php?rest_route=\/wp\/v2\/types\/post"}],"author":[{"embeddable":true,"href":"https:\/\/gobernacionaltaverapaz.gob.gt\/index.php?rest_route=\/wp\/v2\/users\/3"}],"replies":[{"embeddable":true,"href":"https:\/\/gobernacionaltaverapaz.gob.gt\/index.php?rest_route=%2Fwp%2Fv2%2Fcomments&post=24435"}],"version-history":[{"count":3,"href":"https:\/\/gobernacionaltaverapaz.gob.gt\/index.php?rest_route=\/wp\/v2\/posts\/24435\/revisions"}],"predecessor-version":[{"id":24446,"href":"https:\/\/gobernacionaltaverapaz.gob.gt\/index.php?rest_route=\/wp\/v2\/posts\/24435\/revisions\/24446"}],"wp:featuredmedia":[{"embeddable":true,"href":"https:\/\/gobernacionaltaverapaz.gob.gt\/index.php?rest_route=\/wp\/v2\/media\/24439"}],"wp:attachment":[{"href":"https:\/\/gobernacionaltaverapaz.gob.gt\/index.php?rest_route=%2Fwp%2Fv2%2Fmedia&parent=24435"}],"wp:term":[{"taxonomy":"category","embeddable":true,"href":"https:\/\/gobernacionaltaverapaz.gob.gt\/index.php?rest_route=%2Fwp%2Fv2%2Fcategories&post=24435"},{"taxonomy":"post_tag","embeddable":true,"href":"https:\/\/gobernacionaltaverapaz.gob.gt\/index.php?rest_route=%2Fwp%2Fv2%2Ftags&post=24435"}],"curies":[{"name":"wp","href":"https:\/\/api.w.org\/{rel}","templated":true}]}}