{"id":24447,"date":"2026-01-27T11:12:35","date_gmt":"2026-01-27T17:12:35","guid":{"rendered":"https:\/\/gobernacionaltaverapaz.gob.gt\/?p=24447"},"modified":"2026-01-27T11:12:51","modified_gmt":"2026-01-27T17:12:51","slug":"inauguran-centro-de-salud-en-fray-bartolome-de-las-casas-para-fortalecer-la-atencion-sanitaria","status":"publish","type":"post","link":"https:\/\/gobernacionaltaverapaz.gob.gt\/?p=24447","title":{"rendered":"Inauguran Centro de Salud en Fray Bartolom\u00e9 de las Casas para fortalecer la atenci\u00f3n sanitaria"},"content":{"rendered":"<p><b>La obra beneficiar\u00e1 a m\u00e1s de 35 mil habitantes y ampl\u00eda el acceso a servicios de salud para comunidades del municipio.<\/b><\/p>\n<p><b>Fray Bartolom\u00e9 de las Casas, viernes 23 de enero de 2026.<\/b><b><br \/>\n<\/b> <b>Redacci\u00f3n:<\/b><span style=\"font-weight: 400;\"> Jos\u00e9 Daniel Sanchez<\/span><span style=\"font-weight: 400;\"><br \/>\n<\/span> <b>Fotograf\u00eda:<\/b><span style=\"font-weight: 400;\"> Comunicaci\u00f3n Social &#8211; Gobernaci\u00f3n Departamental de Alta Verapaz<\/span><\/p>\n<p><span style=\"font-weight: 400;\">Este d\u00eda se llev\u00f3 a cabo la inauguraci\u00f3n del Centro de Salud de Fray Bartolom\u00e9 de las Casas, una obra que fortalecer\u00e1 el acceso a servicios de salud para 35,681 habitantes, pertenecientes a 32 barrios, 2,885 viviendas y 35 comunidades cercanas del municipio.<\/span><\/p>\n<p><span style=\"font-weight: 400;\">En la actividad particip\u00f3 Dilia Margarita C\u00f3 Coy, Gobernadora Departamental de Alta Verapaz, junto a representantes de la Direcci\u00f3n Departamental de Redes Integradas de Servicios de Salud de Alta Verapaz (DDRISSAV) y autoridades municipales, como parte del trabajo coordinado para fortalecer la atenci\u00f3n sanitaria en el territorio.<\/span><\/p>\n<p><span style=\"font-weight: 400;\">El nuevo centro de salud permitir\u00e1 mejorar la atenci\u00f3n m\u00e9dica integral, contribuir a la reducci\u00f3n de la mortalidad infantil y materna, y fortalecer la calidad de vida de la poblaci\u00f3n, ampliando la cobertura de servicios b\u00e1sicos de salud en el municipio.<\/span><\/p>\n<p><span style=\"font-weight: 400;\">La puesta en funcionamiento de este centro representa un avance importante para la atenci\u00f3n sanitaria de las comunidades de <\/span><b>Fray Bartolom\u00e9 de las Casas<\/b><span style=\"font-weight: 400;\">, reafirmando el compromiso de las instituciones del Estado de trabajar de manera articulada para garantizar el derecho a la salud de la poblaci\u00f3n.<\/span><\/p>\n<div class=\"flexslider ewic-slider-lite is_on_\" id=\"ewic-con-2444869f0dc2471750\"><style>#ewic-con-2444869f0dc2471750 .flex-direction-nav .flex-next, #ewic-con-2444869f0dc2471750 .flex-direction-nav .flex-prev {opacity: 1;} #ewic-con-2444869f0dc2471750 .flex-direction-nav .flex-next {right: 10px !important; text-align: right !important;} #ewic-con-2444869f0dc2471750 .flex-direction-nav .flex-prev {left: 10px !important;}<\/style><div id=\"preloader-2444869f0dc2471750\" class=\"sliderpreloader\"><\/div><ul style=\"display:none;\" class=\"slides flexslider-2444869f0dc2471750\"><li class=\"ewic-slider\"><a href=\"https:\/\/gobernacionaltaverapaz.gob.gt\/wp-content\/uploads\/2026\/01\/WhatsApp-Image-2026-01-23-at-5.12.46-PM.jpeg\" title=\"WhatsApp Image 2026 01 23 At 5.12.46 PM\" rel=\"ewicprettyPhoto[2444869f0dc2471750]\"><img title=\"WhatsApp Image 2026 01 23 At 5.12.46 PM\" class=\"ewic-wid-imgs\" src=\"https:\/\/gobernacionaltaverapaz.gob.gt\/wp-content\/uploads\/2026\/01\/WhatsApp-Image-2026-01-23-at-5.12.46-PM.jpeg\" \/><p class=\"flex-caption\">WhatsApp Image 2026 01 23 At 5.12.46 PM<\/p><\/a><\/li><li class=\"ewic-slider\"><a href=\"https:\/\/gobernacionaltaverapaz.gob.gt\/wp-content\/uploads\/2026\/01\/WhatsApp-Image-2026-01-23-at-5.12.47-PM.jpeg\" title=\"WhatsApp Image 2026 01 23 At 5.12.47 PM\" rel=\"ewicprettyPhoto[2444869f0dc2471750]\"><img title=\"WhatsApp Image 2026 01 23 At 5.12.47 PM\" class=\"ewic-wid-imgs\" src=\"https:\/\/gobernacionaltaverapaz.gob.gt\/wp-content\/uploads\/2026\/01\/WhatsApp-Image-2026-01-23-at-5.12.47-PM.jpeg\" \/><p class=\"flex-caption\">WhatsApp Image 2026 01 23 At 5.12.47 PM<\/p><\/a><\/li><li class=\"ewic-slider\"><a href=\"https:\/\/gobernacionaltaverapaz.gob.gt\/wp-content\/uploads\/2026\/01\/WhatsApp-Image-2026-01-23-at-5.12.48-PM-1.jpeg\" title=\"WhatsApp Image 2026 01 23 At 5.12.48 PM (1)\" rel=\"ewicprettyPhoto[2444869f0dc2471750]\"><img title=\"WhatsApp Image 2026 01 23 At 5.12.48 PM (1)\" class=\"ewic-wid-imgs\" src=\"https:\/\/gobernacionaltaverapaz.gob.gt\/wp-content\/uploads\/2026\/01\/WhatsApp-Image-2026-01-23-at-5.12.48-PM-1.jpeg\" \/><p class=\"flex-caption\">WhatsApp Image 2026 01 23 At 5.12.48 PM (1)<\/p><\/a><\/li><li class=\"ewic-slider\"><a href=\"https:\/\/gobernacionaltaverapaz.gob.gt\/wp-content\/uploads\/2026\/01\/WhatsApp-Image-2026-01-23-at-5.12.48-PM.jpeg\" title=\"WhatsApp Image 2026 01 23 At 5.12.48 PM\" rel=\"ewicprettyPhoto[2444869f0dc2471750]\"><img title=\"WhatsApp Image 2026 01 23 At 5.12.48 PM\" class=\"ewic-wid-imgs\" src=\"https:\/\/gobernacionaltaverapaz.gob.gt\/wp-content\/uploads\/2026\/01\/WhatsApp-Image-2026-01-23-at-5.12.48-PM.jpeg\" \/><p class=\"flex-caption\">WhatsApp Image 2026 01 23 At 5.12.48 PM<\/p><\/a><\/li><\/ul><script type=\"text\/javascript\">\r\n\tjQuery(document).ready(function($) {\r\n\r\n\t\t$(\"#preloader-2444869f0dc2471750\").fadeOut(500, function () {\r\n\r\n\t\t\t$(\"#ewic-con-2444869f0dc2471750\").addClass(\"ready_to_show\");\r\n\r\n\t\t\t$(\"a[rel^='ewicprettyPhoto[2444869f0dc2471750]']\").ewcPhoto({\r\n\t\t\t\ttheme: \"ewc_default\",\r\n\t\t\t\tallow_expand: false,\r\n\t\t\t\tdeeplinking: false,\r\n\t\t\t\tslideshow:5000,\r\n\t\t\t\tautoplay_slideshow:true,\r\n\t\t\t\tsocial_tools:false\r\n\t\t\t});\r\n\r\n\t\t\t$(\".flexslider-2444869f0dc2471750\").fadeIn(300);\r\n\r\n\t\t\t$(\"#ewic-con-2444869f0dc2471750\").flexslider({\r\n\t\t\t\tanimation: \"slide\",\r\n\t\t\t\tanimationSpeed: 0,\r\n\t\t\t\tuseCSS: false,\r\n\t\t\t\teasing: \"easeInQuad\",\r\n\t\t\t\tdirection: \"horizontal\",\r\n\t\t\t\tslideshow: true,\r\n\t\t\t\tsmoothHeight: true,\r\n\t\t\t\tpauseOnHover: true,\r\n\t\t\t\tcontrolNav: false,\r\n\t\t\t\tprevText: \"\",\r\n\t\t\t\tnextText: \"\",\r\n\t\t\t\trtl: false,\r\n\t\t\t\tslideshowSpeed: 5000,\r\n\t\t\t\tstart: function(slider){\r\n\t\t\t\t\t$(\"#ewic-con-2444869f0dc2471750\").find(\".flex-caption\").hide();\r\n\t\t\t\t\tvar curSlide = slider.find(\"li.flex-active-slide\");\r\n\t\t\t\t\t$(curSlide).find(\".flex-caption\").slideDown();\r\n\t\t\t\t},\r\n\t\t\t\tbefore: function(slider) {\r\n\t\t\t\t\t$(\"#ewic-con-2444869f0dc2471750\").find(\".flex-caption\").slideUp();\r\n\t\t\t\t},\r\n\t\t\t\tafter: function(slider) {\r\n\t\t\t\t\tvar curSlide = slider.find(\"li.flex-active-slide\");\r\n\t\t\t\t\t$(curSlide).find(\".flex-caption\").slideDown();\r\n\t\t\t\t}\r\n\r\n\t\t\t});\r\n\r\n\t\t});\r\n\r\n\t});\r\n<\/script><\/div>\r\n\n","protected":false},"excerpt":{"rendered":"<p>La obra beneficiar\u00e1 a m\u00e1s de 35 mil habitantes y ampl\u00eda el acceso a servicios de salud para comunidades del municipio. Fray Bartolom\u00e9 de las Casas, viernes 23 de enero de 2026. Redacci\u00f3n: Jos\u00e9 Daniel Sanchez Fotograf\u00eda: Comunicaci\u00f3n Social &#8211; Gobernaci\u00f3n Departamental de Alta Verapaz Este d\u00eda se llev\u00f3 a cabo la inauguraci\u00f3n del Centro [&hellip;]<\/p>\n","protected":false},"author":3,"featured_media":24451,"comment_status":"closed","ping_status":"open","sticky":false,"template":"","format":"standard","meta":[],"categories":[214],"tags":[],"_links":{"self":[{"href":"https:\/\/gobernacionaltaverapaz.gob.gt\/index.php?rest_route=\/wp\/v2\/posts\/24447"}],"collection":[{"href":"https:\/\/gobernacionaltaverapaz.gob.gt\/index.php?rest_route=\/wp\/v2\/posts"}],"about":[{"href":"https:\/\/gobernacionaltaverapaz.gob.gt\/index.php?rest_route=\/wp\/v2\/types\/post"}],"author":[{"embeddable":true,"href":"https:\/\/gobernacionaltaverapaz.gob.gt\/index.php?rest_route=\/wp\/v2\/users\/3"}],"replies":[{"embeddable":true,"href":"https:\/\/gobernacionaltaverapaz.gob.gt\/index.php?rest_route=%2Fwp%2Fv2%2Fcomments&post=24447"}],"version-history":[{"count":2,"href":"https:\/\/gobernacionaltaverapaz.gob.gt\/index.php?rest_route=\/wp\/v2\/posts\/24447\/revisions"}],"predecessor-version":[{"id":24454,"href":"https:\/\/gobernacionaltaverapaz.gob.gt\/index.php?rest_route=\/wp\/v2\/posts\/24447\/revisions\/24454"}],"wp:featuredmedia":[{"embeddable":true,"href":"https:\/\/gobernacionaltaverapaz.gob.gt\/index.php?rest_route=\/wp\/v2\/media\/24451"}],"wp:attachment":[{"href":"https:\/\/gobernacionaltaverapaz.gob.gt\/index.php?rest_route=%2Fwp%2Fv2%2Fmedia&parent=24447"}],"wp:term":[{"taxonomy":"category","embeddable":true,"href":"https:\/\/gobernacionaltaverapaz.gob.gt\/index.php?rest_route=%2Fwp%2Fv2%2Fcategories&post=24447"},{"taxonomy":"post_tag","embeddable":true,"href":"https:\/\/gobernacionaltaverapaz.gob.gt\/index.php?rest_route=%2Fwp%2Fv2%2Ftags&post=24447"}],"curies":[{"name":"wp","href":"https:\/\/api.w.org\/{rel}","templated":true}]}}