{"id":24464,"date":"2026-01-27T11:16:18","date_gmt":"2026-01-27T17:16:18","guid":{"rendered":"https:\/\/gobernacionaltaverapaz.gob.gt\/?p=24464"},"modified":"2026-01-27T11:16:18","modified_gmt":"2026-01-27T17:16:18","slug":"colocan-primera-piedra-del-proyecto-de-mercado-municipal-y-terminal-de-buses-en-fray-bartolome-de-las-casas","status":"publish","type":"post","link":"https:\/\/gobernacionaltaverapaz.gob.gt\/?p=24464","title":{"rendered":"Colocan primera piedra del proyecto de Mercado Municipal y Terminal de Buses en Fray Bartolom\u00e9 de las Casas"},"content":{"rendered":"<p><b>La obra contribuir\u00e1 al ordenamiento comercial, la movilidad y el desarrollo econ\u00f3mico local del municipio.<\/b><\/p>\n<p><b>Fray Bartolom\u00e9 de las Casas, viernes 23 de enero de 2026.<\/b><b><br \/>\n<\/b> <b>Redacci\u00f3n:<\/b><span style=\"font-weight: 400;\"> Jos\u00e9 Daniel Sanchez<\/span><span style=\"font-weight: 400;\"><br \/>\n<\/span> <b>Fotograf\u00eda:<\/b><span style=\"font-weight: 400;\"> Gobernaci\u00f3n Departamental de Alta Verapaz \/ Municipalidad de Fray Bartolom\u00e9 de las Casas<\/span><\/p>\n<p><span style=\"font-weight: 400;\">En el municipio de <\/span><b>Fray Bartolom\u00e9 de las Casas<\/b><span style=\"font-weight: 400;\"> se realiz\u00f3 la colocaci\u00f3n de la primera piedra del proyecto de construcci\u00f3n del Mercado Municipal y Terminal de Buses (Metamercado), una obra que contribuir\u00e1 al ordenamiento de la actividad comercial, la mejora de la movilidad urbana y el fortalecimiento del desarrollo econ\u00f3mico local.<\/span><\/p>\n<p><span style=\"font-weight: 400;\">En la actividad participaron Dilia Margarita C\u00f3 Coy, Gobernadora Departamental de Alta Verapaz, y <\/span><b>Walther Estuardo Ayala Ju\u00e1rez<\/b><span style=\"font-weight: 400;\">, Alcalde Municipal, quienes reafirmaron el compromiso de trabajar de manera coordinada en proyectos que impulsen el desarrollo del territorio y mejoren las condiciones de vida de la poblaci\u00f3n.<\/span><\/p>\n<p><span style=\"font-weight: 400;\">El proyecto del Metamercado permitir\u00e1 fortalecer los espacios p\u00fablicos del municipio, brindar mejores condiciones para comerciantes y usuarios, y dinamizar la actividad econ\u00f3mica, generando un entorno m\u00e1s ordenado y funcional para el comercio local y el transporte.<\/span><\/p>\n<p><span style=\"font-weight: 400;\">Esta obra representa un paso importante en el proceso de desarrollo urbano y econ\u00f3mico de Fray Bartolom\u00e9 de las Casas, como resultado del trabajo articulado entre las autoridades municipales y departamentales.<\/span><\/p>\n<p><span style=\"font-weight: 400;\">La <\/span><b>Gobernaci\u00f3n Departamental de Alta Verapaz<\/b><span style=\"font-weight: 400;\">, en coordinaci\u00f3n con la municipalidad, contin\u00faa acompa\u00f1ando iniciativas que promueven el desarrollo local, el ordenamiento territorial y el fortalecimiento de la econom\u00eda en beneficio de la poblaci\u00f3n altaverapacense.<\/span><\/p>\n<div class=\"flexslider ewic-slider-lite is_on_\" id=\"ewic-con-2445669f0f0abc20a6\"><style>#ewic-con-2445669f0f0abc20a6 .flex-direction-nav .flex-next, #ewic-con-2445669f0f0abc20a6 .flex-direction-nav .flex-prev {opacity: 1;} #ewic-con-2445669f0f0abc20a6 .flex-direction-nav .flex-next {right: 10px !important; text-align: right !important;} #ewic-con-2445669f0f0abc20a6 .flex-direction-nav .flex-prev {left: 10px !important;}<\/style><div id=\"preloader-2445669f0f0abc20a6\" class=\"sliderpreloader\"><\/div><ul style=\"display:none;\" class=\"slides flexslider-2445669f0f0abc20a6\"><li class=\"ewic-slider\"><a href=\"https:\/\/gobernacionaltaverapaz.gob.gt\/wp-content\/uploads\/2026\/01\/WhatsApp-Image-2026-01-23-at-5.12.51-PM-1.jpeg\" title=\"WhatsApp Image 2026 01 23 At 5.12.51 PM (1)\" rel=\"ewicprettyPhoto[2445669f0f0abc20a6]\"><img title=\"WhatsApp Image 2026 01 23 At 5.12.51 PM (1)\" class=\"ewic-wid-imgs\" src=\"https:\/\/gobernacionaltaverapaz.gob.gt\/wp-content\/uploads\/2026\/01\/WhatsApp-Image-2026-01-23-at-5.12.51-PM-1.jpeg\" \/><p class=\"flex-caption\">WhatsApp Image 2026 01 23 At 5.12.51 PM (1)<\/p><\/a><\/li><li class=\"ewic-slider\"><a href=\"https:\/\/gobernacionaltaverapaz.gob.gt\/wp-content\/uploads\/2026\/01\/WhatsApp-Image-2026-01-23-at-5.12.51-PM.jpeg\" title=\"WhatsApp Image 2026 01 23 At 5.12.51 PM\" rel=\"ewicprettyPhoto[2445669f0f0abc20a6]\"><img title=\"WhatsApp Image 2026 01 23 At 5.12.51 PM\" class=\"ewic-wid-imgs\" src=\"https:\/\/gobernacionaltaverapaz.gob.gt\/wp-content\/uploads\/2026\/01\/WhatsApp-Image-2026-01-23-at-5.12.51-PM.jpeg\" \/><p class=\"flex-caption\">WhatsApp Image 2026 01 23 At 5.12.51 PM<\/p><\/a><\/li><li class=\"ewic-slider\"><a href=\"https:\/\/gobernacionaltaverapaz.gob.gt\/wp-content\/uploads\/2026\/01\/WhatsApp-Image-2026-01-23-at-5.12.52-PM-1.jpeg\" title=\"WhatsApp Image 2026 01 23 At 5.12.52 PM (1)\" rel=\"ewicprettyPhoto[2445669f0f0abc20a6]\"><img title=\"WhatsApp Image 2026 01 23 At 5.12.52 PM (1)\" class=\"ewic-wid-imgs\" src=\"https:\/\/gobernacionaltaverapaz.gob.gt\/wp-content\/uploads\/2026\/01\/WhatsApp-Image-2026-01-23-at-5.12.52-PM-1.jpeg\" \/><p class=\"flex-caption\">WhatsApp Image 2026 01 23 At 5.12.52 PM (1)<\/p><\/a><\/li><li class=\"ewic-slider\"><a href=\"https:\/\/gobernacionaltaverapaz.gob.gt\/wp-content\/uploads\/2026\/01\/WhatsApp-Image-2026-01-23-at-5.12.52-PM-2.jpeg\" title=\"WhatsApp Image 2026 01 23 At 5.12.52 PM (2)\" rel=\"ewicprettyPhoto[2445669f0f0abc20a6]\"><img title=\"WhatsApp Image 2026 01 23 At 5.12.52 PM (2)\" class=\"ewic-wid-imgs\" src=\"https:\/\/gobernacionaltaverapaz.gob.gt\/wp-content\/uploads\/2026\/01\/WhatsApp-Image-2026-01-23-at-5.12.52-PM-2.jpeg\" \/><p class=\"flex-caption\">WhatsApp Image 2026 01 23 At 5.12.52 PM (2)<\/p><\/a><\/li><li class=\"ewic-slider\"><a href=\"https:\/\/gobernacionaltaverapaz.gob.gt\/wp-content\/uploads\/2026\/01\/WhatsApp-Image-2026-01-23-at-5.12.52-PM.jpeg\" title=\"WhatsApp Image 2026 01 23 At 5.12.52 PM\" rel=\"ewicprettyPhoto[2445669f0f0abc20a6]\"><img title=\"WhatsApp Image 2026 01 23 At 5.12.52 PM\" class=\"ewic-wid-imgs\" src=\"https:\/\/gobernacionaltaverapaz.gob.gt\/wp-content\/uploads\/2026\/01\/WhatsApp-Image-2026-01-23-at-5.12.52-PM.jpeg\" \/><p class=\"flex-caption\">WhatsApp Image 2026 01 23 At 5.12.52 PM<\/p><\/a><\/li><li class=\"ewic-slider\"><a href=\"https:\/\/gobernacionaltaverapaz.gob.gt\/wp-content\/uploads\/2026\/01\/WhatsApp-Image-2026-01-23-at-5.12.53-PM-1.jpeg\" title=\"WhatsApp Image 2026 01 23 At 5.12.53 PM (1)\" rel=\"ewicprettyPhoto[2445669f0f0abc20a6]\"><img title=\"WhatsApp Image 2026 01 23 At 5.12.53 PM (1)\" class=\"ewic-wid-imgs\" src=\"https:\/\/gobernacionaltaverapaz.gob.gt\/wp-content\/uploads\/2026\/01\/WhatsApp-Image-2026-01-23-at-5.12.53-PM-1.jpeg\" \/><p class=\"flex-caption\">WhatsApp Image 2026 01 23 At 5.12.53 PM (1)<\/p><\/a><\/li><li class=\"ewic-slider\"><a href=\"https:\/\/gobernacionaltaverapaz.gob.gt\/wp-content\/uploads\/2026\/01\/WhatsApp-Image-2026-01-23-at-5.12.53-PM-2.jpeg\" title=\"WhatsApp Image 2026 01 23 At 5.12.53 PM (2)\" rel=\"ewicprettyPhoto[2445669f0f0abc20a6]\"><img title=\"WhatsApp Image 2026 01 23 At 5.12.53 PM (2)\" class=\"ewic-wid-imgs\" src=\"https:\/\/gobernacionaltaverapaz.gob.gt\/wp-content\/uploads\/2026\/01\/WhatsApp-Image-2026-01-23-at-5.12.53-PM-2.jpeg\" \/><p class=\"flex-caption\">WhatsApp Image 2026 01 23 At 5.12.53 PM (2)<\/p><\/a><\/li><\/ul><script type=\"text\/javascript\">\r\n\tjQuery(document).ready(function($) {\r\n\r\n\t\t$(\"#preloader-2445669f0f0abc20a6\").fadeOut(500, function () {\r\n\r\n\t\t\t$(\"#ewic-con-2445669f0f0abc20a6\").addClass(\"ready_to_show\");\r\n\r\n\t\t\t$(\"a[rel^='ewicprettyPhoto[2445669f0f0abc20a6]']\").ewcPhoto({\r\n\t\t\t\ttheme: \"ewc_default\",\r\n\t\t\t\tallow_expand: false,\r\n\t\t\t\tdeeplinking: false,\r\n\t\t\t\tslideshow:5000,\r\n\t\t\t\tautoplay_slideshow:true,\r\n\t\t\t\tsocial_tools:false\r\n\t\t\t});\r\n\r\n\t\t\t$(\".flexslider-2445669f0f0abc20a6\").fadeIn(300);\r\n\r\n\t\t\t$(\"#ewic-con-2445669f0f0abc20a6\").flexslider({\r\n\t\t\t\tanimation: \"slide\",\r\n\t\t\t\tanimationSpeed: 0,\r\n\t\t\t\tuseCSS: false,\r\n\t\t\t\teasing: \"easeInQuad\",\r\n\t\t\t\tdirection: \"horizontal\",\r\n\t\t\t\tslideshow: true,\r\n\t\t\t\tsmoothHeight: true,\r\n\t\t\t\tpauseOnHover: true,\r\n\t\t\t\tcontrolNav: false,\r\n\t\t\t\tprevText: \"\",\r\n\t\t\t\tnextText: \"\",\r\n\t\t\t\trtl: false,\r\n\t\t\t\tslideshowSpeed: 5000,\r\n\t\t\t\tstart: function(slider){\r\n\t\t\t\t\t$(\"#ewic-con-2445669f0f0abc20a6\").find(\".flex-caption\").hide();\r\n\t\t\t\t\tvar curSlide = slider.find(\"li.flex-active-slide\");\r\n\t\t\t\t\t$(curSlide).find(\".flex-caption\").slideDown();\r\n\t\t\t\t},\r\n\t\t\t\tbefore: function(slider) {\r\n\t\t\t\t\t$(\"#ewic-con-2445669f0f0abc20a6\").find(\".flex-caption\").slideUp();\r\n\t\t\t\t},\r\n\t\t\t\tafter: function(slider) {\r\n\t\t\t\t\tvar curSlide = slider.find(\"li.flex-active-slide\");\r\n\t\t\t\t\t$(curSlide).find(\".flex-caption\").slideDown();\r\n\t\t\t\t}\r\n\r\n\t\t\t});\r\n\r\n\t\t});\r\n\r\n\t});\r\n<\/script><\/div>\r\n\n","protected":false},"excerpt":{"rendered":"<p>La obra contribuir\u00e1 al ordenamiento comercial, la movilidad y el desarrollo econ\u00f3mico local del municipio. Fray Bartolom\u00e9 de las Casas, viernes 23 de enero de 2026. Redacci\u00f3n: Jos\u00e9 Daniel Sanchez Fotograf\u00eda: Gobernaci\u00f3n Departamental de Alta Verapaz \/ Municipalidad de Fray Bartolom\u00e9 de las Casas En el municipio de Fray Bartolom\u00e9 de las Casas se realiz\u00f3 [&hellip;]<\/p>\n","protected":false},"author":3,"featured_media":24460,"comment_status":"closed","ping_status":"open","sticky":false,"template":"","format":"standard","meta":[],"categories":[214],"tags":[],"_links":{"self":[{"href":"https:\/\/gobernacionaltaverapaz.gob.gt\/index.php?rest_route=\/wp\/v2\/posts\/24464"}],"collection":[{"href":"https:\/\/gobernacionaltaverapaz.gob.gt\/index.php?rest_route=\/wp\/v2\/posts"}],"about":[{"href":"https:\/\/gobernacionaltaverapaz.gob.gt\/index.php?rest_route=\/wp\/v2\/types\/post"}],"author":[{"embeddable":true,"href":"https:\/\/gobernacionaltaverapaz.gob.gt\/index.php?rest_route=\/wp\/v2\/users\/3"}],"replies":[{"embeddable":true,"href":"https:\/\/gobernacionaltaverapaz.gob.gt\/index.php?rest_route=%2Fwp%2Fv2%2Fcomments&post=24464"}],"version-history":[{"count":1,"href":"https:\/\/gobernacionaltaverapaz.gob.gt\/index.php?rest_route=\/wp\/v2\/posts\/24464\/revisions"}],"predecessor-version":[{"id":24465,"href":"https:\/\/gobernacionaltaverapaz.gob.gt\/index.php?rest_route=\/wp\/v2\/posts\/24464\/revisions\/24465"}],"wp:featuredmedia":[{"embeddable":true,"href":"https:\/\/gobernacionaltaverapaz.gob.gt\/index.php?rest_route=\/wp\/v2\/media\/24460"}],"wp:attachment":[{"href":"https:\/\/gobernacionaltaverapaz.gob.gt\/index.php?rest_route=%2Fwp%2Fv2%2Fmedia&parent=24464"}],"wp:term":[{"taxonomy":"category","embeddable":true,"href":"https:\/\/gobernacionaltaverapaz.gob.gt\/index.php?rest_route=%2Fwp%2Fv2%2Fcategories&post=24464"},{"taxonomy":"post_tag","embeddable":true,"href":"https:\/\/gobernacionaltaverapaz.gob.gt\/index.php?rest_route=%2Fwp%2Fv2%2Ftags&post=24464"}],"curies":[{"name":"wp","href":"https:\/\/api.w.org\/{rel}","templated":true}]}}