{"id":24477,"date":"2026-01-27T11:18:53","date_gmt":"2026-01-27T17:18:53","guid":{"rendered":"https:\/\/gobernacionaltaverapaz.gob.gt\/?p=24477"},"modified":"2026-01-27T11:18:53","modified_gmt":"2026-01-27T17:18:53","slug":"codedeav-desarrolla-su-primera-reunion-ordinaria-del-ano-2026-en-alta-verapaz","status":"publish","type":"post","link":"https:\/\/gobernacionaltaverapaz.gob.gt\/?p=24477","title":{"rendered":"CODEDEAV desarrolla su primera reuni\u00f3n ordinaria del a\u00f1o 2026 en Alta Verapaz"},"content":{"rendered":"<p><b>La sesi\u00f3n permiti\u00f3 la coordinaci\u00f3n y toma de decisiones en materia de planificaci\u00f3n, reprogramaci\u00f3n de recursos y seguimiento a temas prioritarios del departamento.<\/b><\/p>\n<p><b>Cob\u00e1n, Alta Verapaz, lunes 26 de enero de 2026.<\/b><b><br \/>\n<\/b> <b>Redacci\u00f3n:<\/b><span style=\"font-weight: 400;\"> Jos\u00e9 Daniel Sanchez<\/span><span style=\"font-weight: 400;\"><br \/>\n<\/span> <b>Fotograf\u00eda:<\/b><span style=\"font-weight: 400;\"> Jos\u00e9 Daniel Sanchez &#8211; Comunicaci\u00f3n Social &#8211; Gobernaci\u00f3n Departamental de Alta Verapaz<\/span><\/p>\n<p><span style=\"font-weight: 400;\">Este lunes 26 de enero de 2026 se desarroll\u00f3 la primera reuni\u00f3n ordinaria del <\/span><b>Consejo Departamental de Desarrollo de Alta Verapaz<\/b><span style=\"font-weight: 400;\"> (CODEDEAV), presidida por la Gobernadora Departamental en su calidad de Presidenta del Consejo, como parte de los procesos de coordinaci\u00f3n y toma de decisiones en el marco del Sistema de Consejos de Desarrollo.<\/span><\/p>\n<p><span style=\"font-weight: 400;\">Durante la jornada se abordaron temas prioritarios relacionados con la reprogramaci\u00f3n de aportes ordinarios correspondientes a los ejercicios fiscales 2024 y 2025, la reprogramaci\u00f3n de aportes extraordinarios de los ejercicios 2024 y 2025, as\u00ed como la reprogramaci\u00f3n de recursos de la Gran Cruzada por la Nutrici\u00f3n 2024. De igual forma, se conoci\u00f3 la distribuci\u00f3n de recursos FONPETROL, la planificaci\u00f3n presupuestaria y aspectos de control t\u00e9cnico, incluyendo listados de chequeo para expedientes de proyectos, pruebas de laboratorio y la gesti\u00f3n de desembolsos, as\u00ed como el techo presupuestario IVA Paz 2026.<\/span><\/p>\n<p><span style=\"font-weight: 400;\">Asimismo, se presentaron informes y se abordaron temas espec\u00edficos en \u00e1reas estrat\u00e9gicas para el desarrollo del departamento. En materia de <\/span><b>salud p\u00fablica<\/b><span style=\"font-weight: 400;\">, se inform\u00f3 sobre la situaci\u00f3n actual y las acciones preventivas ante el riesgo de brote de sarampi\u00f3n. En el \u00e1mbito de <\/span><b>educaci\u00f3n<\/b><span style=\"font-weight: 400;\">, se abordaron aspectos relacionados con la creaci\u00f3n de centros educativos y contratos municipales en el departamento.<\/span><\/p>\n<p><span style=\"font-weight: 400;\">En el eje de <\/span><b>seguridad<\/b><span style=\"font-weight: 400;\">, se presentaron los resultados del Estado de Sitio en Alta Verapaz, mientras que en <\/span><b>gesti\u00f3n del riesgo<\/b><span style=\"font-weight: 400;\"> se revisaron lineamientos y disposiciones emitidas por la <\/span><b>Coordinadora Nacional para la Reducci\u00f3n de Desastres<\/b><span style=\"font-weight: 400;\"> para la prevenci\u00f3n y atenci\u00f3n de emergencias.<\/span><\/p>\n<p><span style=\"font-weight: 400;\">De igual forma, <\/span><b>COREDUR Norte<\/b><span style=\"font-weight: 400;\"> socializ\u00f3 el proceso de actualizaci\u00f3n de los Consejos Comunitarios de Desarrollo (COCODES) y la designaci\u00f3n de representantes de las corporaciones municipales ante dicha instancia regional. Por su parte, el <\/span><b>Ministerio de Agricultura, Ganader\u00eda y Alimentaci\u00f3n<\/b><span style=\"font-weight: 400;\"> present\u00f3 la Coordinaci\u00f3n Agr\u00edcola y Pecuaria Departamental, orientada a fortalecer la articulaci\u00f3n del sector productivo en Alta Verapaz.<\/span><\/p>\n<p><span style=\"font-weight: 400;\">Este espacio permiti\u00f3 consolidar acuerdos orientados a una gesti\u00f3n eficiente y transparente de los recursos p\u00fablicos, as\u00ed como al impulso de acciones coordinadas que contribuyan al desarrollo integral y al bienestar de la poblaci\u00f3n de Alta Verapaz.<\/span><\/p>\n<p><span style=\"font-weight: 400;\">La <\/span><b>Gobernaci\u00f3n Departamental de Alta Verapaz<\/b><span style=\"font-weight: 400;\"> reafirma su compromiso de continuar promoviendo espacios de coordinaci\u00f3n interinstitucional que fortalezcan la planificaci\u00f3n, ejecuci\u00f3n y seguimiento de las pol\u00edticas p\u00fablicas en el territorio.<\/span><\/p>\n<div class=\"flexslider ewic-slider-lite is_on_\" id=\"ewic-con-2446769f2fdfe1934f\"><style>#ewic-con-2446769f2fdfe1934f .flex-direction-nav .flex-next, #ewic-con-2446769f2fdfe1934f .flex-direction-nav .flex-prev {opacity: 1;} #ewic-con-2446769f2fdfe1934f .flex-direction-nav .flex-next {right: 10px !important; text-align: right !important;} #ewic-con-2446769f2fdfe1934f .flex-direction-nav .flex-prev {left: 10px !important;}<\/style><div id=\"preloader-2446769f2fdfe1934f\" class=\"sliderpreloader\"><\/div><ul style=\"display:none;\" class=\"slides flexslider-2446769f2fdfe1934f\"><li class=\"ewic-slider\"><a href=\"https:\/\/gobernacionaltaverapaz.gob.gt\/wp-content\/uploads\/2026\/01\/MG_0040.jpg\" title=\"_MG_0040\" rel=\"ewicprettyPhoto[2446769f2fdfe1934f]\"><img title=\"_MG_0040\" class=\"ewic-wid-imgs\" src=\"https:\/\/gobernacionaltaverapaz.gob.gt\/wp-content\/uploads\/2026\/01\/MG_0040.jpg\" \/><p class=\"flex-caption\">_MG_0040<\/p><\/a><\/li><li class=\"ewic-slider\"><a href=\"https:\/\/gobernacionaltaverapaz.gob.gt\/wp-content\/uploads\/2026\/01\/MG_0045.jpg\" title=\"_MG_0045\" rel=\"ewicprettyPhoto[2446769f2fdfe1934f]\"><img title=\"_MG_0045\" class=\"ewic-wid-imgs\" src=\"https:\/\/gobernacionaltaverapaz.gob.gt\/wp-content\/uploads\/2026\/01\/MG_0045.jpg\" \/><p class=\"flex-caption\">_MG_0045<\/p><\/a><\/li><li class=\"ewic-slider\"><a href=\"https:\/\/gobernacionaltaverapaz.gob.gt\/wp-content\/uploads\/2026\/01\/MG_0047.jpg\" title=\"_MG_0047\" rel=\"ewicprettyPhoto[2446769f2fdfe1934f]\"><img title=\"_MG_0047\" class=\"ewic-wid-imgs\" src=\"https:\/\/gobernacionaltaverapaz.gob.gt\/wp-content\/uploads\/2026\/01\/MG_0047.jpg\" \/><p class=\"flex-caption\">_MG_0047<\/p><\/a><\/li><li class=\"ewic-slider\"><a href=\"https:\/\/gobernacionaltaverapaz.gob.gt\/wp-content\/uploads\/2026\/01\/MG_0049.jpg\" title=\"_MG_0049\" rel=\"ewicprettyPhoto[2446769f2fdfe1934f]\"><img title=\"_MG_0049\" class=\"ewic-wid-imgs\" src=\"https:\/\/gobernacionaltaverapaz.gob.gt\/wp-content\/uploads\/2026\/01\/MG_0049.jpg\" \/><p class=\"flex-caption\">_MG_0049<\/p><\/a><\/li><li class=\"ewic-slider\"><a href=\"https:\/\/gobernacionaltaverapaz.gob.gt\/wp-content\/uploads\/2026\/01\/MG_0051.jpg\" title=\"_MG_0051\" rel=\"ewicprettyPhoto[2446769f2fdfe1934f]\"><img title=\"_MG_0051\" class=\"ewic-wid-imgs\" src=\"https:\/\/gobernacionaltaverapaz.gob.gt\/wp-content\/uploads\/2026\/01\/MG_0051.jpg\" \/><p class=\"flex-caption\">_MG_0051<\/p><\/a><\/li><li class=\"ewic-slider\"><a href=\"https:\/\/gobernacionaltaverapaz.gob.gt\/wp-content\/uploads\/2026\/01\/MG_0054.jpg\" title=\"_MG_0054\" rel=\"ewicprettyPhoto[2446769f2fdfe1934f]\"><img title=\"_MG_0054\" class=\"ewic-wid-imgs\" src=\"https:\/\/gobernacionaltaverapaz.gob.gt\/wp-content\/uploads\/2026\/01\/MG_0054.jpg\" \/><p class=\"flex-caption\">_MG_0054<\/p><\/a><\/li><li class=\"ewic-slider\"><a href=\"https:\/\/gobernacionaltaverapaz.gob.gt\/wp-content\/uploads\/2026\/01\/MG_0062-1.jpg\" title=\"_MG_0062\" rel=\"ewicprettyPhoto[2446769f2fdfe1934f]\"><img title=\"_MG_0062\" class=\"ewic-wid-imgs\" src=\"https:\/\/gobernacionaltaverapaz.gob.gt\/wp-content\/uploads\/2026\/01\/MG_0062-1.jpg\" \/><p class=\"flex-caption\">_MG_0062<\/p><\/a><\/li><li class=\"ewic-slider\"><a href=\"https:\/\/gobernacionaltaverapaz.gob.gt\/wp-content\/uploads\/2026\/01\/MG_0081-1.jpg\" title=\"_MG_0081\" rel=\"ewicprettyPhoto[2446769f2fdfe1934f]\"><img title=\"_MG_0081\" class=\"ewic-wid-imgs\" src=\"https:\/\/gobernacionaltaverapaz.gob.gt\/wp-content\/uploads\/2026\/01\/MG_0081-1.jpg\" \/><p class=\"flex-caption\">_MG_0081<\/p><\/a><\/li><li class=\"ewic-slider\"><a href=\"https:\/\/gobernacionaltaverapaz.gob.gt\/wp-content\/uploads\/2026\/01\/MG_0084.jpg\" title=\"_MG_0084\" rel=\"ewicprettyPhoto[2446769f2fdfe1934f]\"><img title=\"_MG_0084\" class=\"ewic-wid-imgs\" src=\"https:\/\/gobernacionaltaverapaz.gob.gt\/wp-content\/uploads\/2026\/01\/MG_0084.jpg\" \/><p class=\"flex-caption\">_MG_0084<\/p><\/a><\/li><\/ul><script type=\"text\/javascript\">\r\n\tjQuery(document).ready(function($) {\r\n\r\n\t\t$(\"#preloader-2446769f2fdfe1934f\").fadeOut(500, function () {\r\n\r\n\t\t\t$(\"#ewic-con-2446769f2fdfe1934f\").addClass(\"ready_to_show\");\r\n\r\n\t\t\t$(\"a[rel^='ewicprettyPhoto[2446769f2fdfe1934f]']\").ewcPhoto({\r\n\t\t\t\ttheme: \"ewc_default\",\r\n\t\t\t\tallow_expand: false,\r\n\t\t\t\tdeeplinking: false,\r\n\t\t\t\tslideshow:5000,\r\n\t\t\t\tautoplay_slideshow:true,\r\n\t\t\t\tsocial_tools:false\r\n\t\t\t});\r\n\r\n\t\t\t$(\".flexslider-2446769f2fdfe1934f\").fadeIn(300);\r\n\r\n\t\t\t$(\"#ewic-con-2446769f2fdfe1934f\").flexslider({\r\n\t\t\t\tanimation: \"slide\",\r\n\t\t\t\tanimationSpeed: 0,\r\n\t\t\t\tuseCSS: false,\r\n\t\t\t\teasing: \"easeInQuad\",\r\n\t\t\t\tdirection: \"horizontal\",\r\n\t\t\t\tslideshow: true,\r\n\t\t\t\tsmoothHeight: true,\r\n\t\t\t\tpauseOnHover: true,\r\n\t\t\t\tcontrolNav: false,\r\n\t\t\t\tprevText: \"\",\r\n\t\t\t\tnextText: \"\",\r\n\t\t\t\trtl: false,\r\n\t\t\t\tslideshowSpeed: 5000,\r\n\t\t\t\tstart: function(slider){\r\n\t\t\t\t\t$(\"#ewic-con-2446769f2fdfe1934f\").find(\".flex-caption\").hide();\r\n\t\t\t\t\tvar curSlide = slider.find(\"li.flex-active-slide\");\r\n\t\t\t\t\t$(curSlide).find(\".flex-caption\").slideDown();\r\n\t\t\t\t},\r\n\t\t\t\tbefore: function(slider) {\r\n\t\t\t\t\t$(\"#ewic-con-2446769f2fdfe1934f\").find(\".flex-caption\").slideUp();\r\n\t\t\t\t},\r\n\t\t\t\tafter: function(slider) {\r\n\t\t\t\t\tvar curSlide = slider.find(\"li.flex-active-slide\");\r\n\t\t\t\t\t$(curSlide).find(\".flex-caption\").slideDown();\r\n\t\t\t\t}\r\n\r\n\t\t\t});\r\n\r\n\t\t});\r\n\r\n\t});\r\n<\/script><\/div>\r\n\n","protected":false},"excerpt":{"rendered":"<p>La sesi\u00f3n permiti\u00f3 la coordinaci\u00f3n y toma de decisiones en materia de planificaci\u00f3n, reprogramaci\u00f3n de recursos y seguimiento a temas prioritarios del departamento. Cob\u00e1n, Alta Verapaz, lunes 26 de enero de 2026. Redacci\u00f3n: Jos\u00e9 Daniel Sanchez Fotograf\u00eda: Jos\u00e9 Daniel Sanchez &#8211; Comunicaci\u00f3n Social &#8211; Gobernaci\u00f3n Departamental de Alta Verapaz Este lunes 26 de enero de [&hellip;]<\/p>\n","protected":false},"author":3,"featured_media":24474,"comment_status":"closed","ping_status":"open","sticky":false,"template":"","format":"standard","meta":[],"categories":[214],"tags":[],"_links":{"self":[{"href":"https:\/\/gobernacionaltaverapaz.gob.gt\/index.php?rest_route=\/wp\/v2\/posts\/24477"}],"collection":[{"href":"https:\/\/gobernacionaltaverapaz.gob.gt\/index.php?rest_route=\/wp\/v2\/posts"}],"about":[{"href":"https:\/\/gobernacionaltaverapaz.gob.gt\/index.php?rest_route=\/wp\/v2\/types\/post"}],"author":[{"embeddable":true,"href":"https:\/\/gobernacionaltaverapaz.gob.gt\/index.php?rest_route=\/wp\/v2\/users\/3"}],"replies":[{"embeddable":true,"href":"https:\/\/gobernacionaltaverapaz.gob.gt\/index.php?rest_route=%2Fwp%2Fv2%2Fcomments&post=24477"}],"version-history":[{"count":1,"href":"https:\/\/gobernacionaltaverapaz.gob.gt\/index.php?rest_route=\/wp\/v2\/posts\/24477\/revisions"}],"predecessor-version":[{"id":24478,"href":"https:\/\/gobernacionaltaverapaz.gob.gt\/index.php?rest_route=\/wp\/v2\/posts\/24477\/revisions\/24478"}],"wp:featuredmedia":[{"embeddable":true,"href":"https:\/\/gobernacionaltaverapaz.gob.gt\/index.php?rest_route=\/wp\/v2\/media\/24474"}],"wp:attachment":[{"href":"https:\/\/gobernacionaltaverapaz.gob.gt\/index.php?rest_route=%2Fwp%2Fv2%2Fmedia&parent=24477"}],"wp:term":[{"taxonomy":"category","embeddable":true,"href":"https:\/\/gobernacionaltaverapaz.gob.gt\/index.php?rest_route=%2Fwp%2Fv2%2Fcategories&post=24477"},{"taxonomy":"post_tag","embeddable":true,"href":"https:\/\/gobernacionaltaverapaz.gob.gt\/index.php?rest_route=%2Fwp%2Fv2%2Ftags&post=24477"}],"curies":[{"name":"wp","href":"https:\/\/api.w.org\/{rel}","templated":true}]}}