{"id":24487,"date":"2026-01-27T11:23:57","date_gmt":"2026-01-27T17:23:57","guid":{"rendered":"https:\/\/gobernacionaltaverapaz.gob.gt\/?p=24487"},"modified":"2026-01-27T11:23:57","modified_gmt":"2026-01-27T17:23:57","slug":"utd-de-alta-verapaz-da-seguimiento-tecnico-y-financiero-a-la-reprogramacion-de-aportes-para-proyectos-de-desarrollo","status":"publish","type":"post","link":"https:\/\/gobernacionaltaverapaz.gob.gt\/?p=24487","title":{"rendered":"UTD de Alta Verapaz da seguimiento t\u00e9cnico y financiero a la reprogramaci\u00f3n de aportes para proyectos de desarrollo"},"content":{"rendered":"<p><b>La reuni\u00f3n permiti\u00f3 analizar la reprogramaci\u00f3n de aportes ordinarios y extraordinarios, as\u00ed como los recursos vinculados a la Gran Cruzada por la Nutrici\u00f3n.<\/b><\/p>\n<p><b>Cob\u00e1n, Alta Verapaz, lunes 26 de enero de 2026.<\/b><b><br \/>\n<\/b> <b>Redacci\u00f3n:<\/b><span style=\"font-weight: 400;\"> Jos\u00e9 Daniel Sanchez<\/span><span style=\"font-weight: 400;\"><br \/>\n<\/span> <b>Fotograf\u00eda:<\/b><span style=\"font-weight: 400;\"> Jos\u00e9 Daniel Sanchez &#8211; Comunicaci\u00f3n Social &#8211; Gobernaci\u00f3n Departamental de Alta Verapaz<\/span><\/p>\n<p><span style=\"font-weight: 400;\">En el marco del Sistema de Consejos de Desarrollo, este d\u00eda se llev\u00f3 a cabo una reuni\u00f3n de trabajo de la Unidad T\u00e9cnica Departamental (UTD) de Alta Verapaz, orientada al seguimiento t\u00e9cnico y financiero de los aportes destinados a proyectos de desarrollo que se ejecutan en el departamento.<\/span><\/p>\n<p><span style=\"font-weight: 400;\">Durante la jornada se abordaron temas relacionados con la reprogramaci\u00f3n de aportes ordinarios correspondientes a los a\u00f1os 2025 y 2024, as\u00ed como la reprogramaci\u00f3n de aportes extraordinarios del ejercicio 2024, con el objetivo de garantizar una adecuada planificaci\u00f3n y ejecuci\u00f3n de los recursos p\u00fablicos.<\/span><\/p>\n<p><span style=\"font-weight: 400;\">Asimismo, se realiz\u00f3 la revisi\u00f3n de los aportes vinculados a la Gran Cruzada por la Nutrici\u00f3n, como parte del seguimiento a los proyectos orientados a fortalecer las acciones en materia de seguridad alimentaria y nutricional en el territorio.<\/span><\/p>\n<p><span style=\"font-weight: 400;\">Estos espacios de trabajo t\u00e9cnico permiten fortalecer la planificaci\u00f3n, la gesti\u00f3n responsable de los recursos y la coordinaci\u00f3n interinstitucional entre las entidades que integran el Sistema de Consejos de Desarrollo, contribuyendo a mejorar los procesos de ejecuci\u00f3n y control de los proyectos de inversi\u00f3n p\u00fablica.<\/span><\/p>\n<p><span style=\"font-weight: 400;\">La <\/span><b>Gobernaci\u00f3n Departamental de Alta Verapaz<\/b><span style=\"font-weight: 400;\">, a trav\u00e9s de la Unidad T\u00e9cnica Departamental, reafirma su compromiso de continuar promoviendo espacios de coordinaci\u00f3n t\u00e9cnica que fortalezcan la gesti\u00f3n p\u00fablica y contribuyan al desarrollo y bienestar de la poblaci\u00f3n de Alta Verapaz.<\/span><\/p>\n<div class=\"flexslider ewic-slider-lite is_on_\" id=\"ewic-con-2448069f2fdf85f3d7\"><style>#ewic-con-2448069f2fdf85f3d7 .flex-direction-nav .flex-next, #ewic-con-2448069f2fdf85f3d7 .flex-direction-nav .flex-prev {opacity: 1;} #ewic-con-2448069f2fdf85f3d7 .flex-direction-nav .flex-next {right: 10px !important; text-align: right !important;} #ewic-con-2448069f2fdf85f3d7 .flex-direction-nav .flex-prev {left: 10px !important;}<\/style><div id=\"preloader-2448069f2fdf85f3d7\" class=\"sliderpreloader\"><\/div><ul style=\"display:none;\" class=\"slides flexslider-2448069f2fdf85f3d7\"><li class=\"ewic-slider\"><a href=\"https:\/\/gobernacionaltaverapaz.gob.gt\/wp-content\/uploads\/2026\/01\/MG_0032.jpg\" title=\"_MG_0032\" rel=\"ewicprettyPhoto[2448069f2fdf85f3d7]\"><img title=\"_MG_0032\" class=\"ewic-wid-imgs\" src=\"https:\/\/gobernacionaltaverapaz.gob.gt\/wp-content\/uploads\/2026\/01\/MG_0032.jpg\" \/><p class=\"flex-caption\">_MG_0032<\/p><\/a><\/li><li class=\"ewic-slider\"><a href=\"https:\/\/gobernacionaltaverapaz.gob.gt\/wp-content\/uploads\/2026\/01\/MG_0001.jpg\" title=\"_MG_0001\" rel=\"ewicprettyPhoto[2448069f2fdf85f3d7]\"><img title=\"_MG_0001\" class=\"ewic-wid-imgs\" src=\"https:\/\/gobernacionaltaverapaz.gob.gt\/wp-content\/uploads\/2026\/01\/MG_0001.jpg\" \/><p class=\"flex-caption\">_MG_0001<\/p><\/a><\/li><li class=\"ewic-slider\"><a href=\"https:\/\/gobernacionaltaverapaz.gob.gt\/wp-content\/uploads\/2026\/01\/MG_0004.jpg\" title=\"_MG_0004\" rel=\"ewicprettyPhoto[2448069f2fdf85f3d7]\"><img title=\"_MG_0004\" class=\"ewic-wid-imgs\" src=\"https:\/\/gobernacionaltaverapaz.gob.gt\/wp-content\/uploads\/2026\/01\/MG_0004.jpg\" \/><p class=\"flex-caption\">_MG_0004<\/p><\/a><\/li><li class=\"ewic-slider\"><a href=\"https:\/\/gobernacionaltaverapaz.gob.gt\/wp-content\/uploads\/2026\/01\/MG_0017.jpg\" title=\"_MG_0017\" rel=\"ewicprettyPhoto[2448069f2fdf85f3d7]\"><img title=\"_MG_0017\" class=\"ewic-wid-imgs\" src=\"https:\/\/gobernacionaltaverapaz.gob.gt\/wp-content\/uploads\/2026\/01\/MG_0017.jpg\" \/><p class=\"flex-caption\">_MG_0017<\/p><\/a><\/li><li class=\"ewic-slider\"><a href=\"https:\/\/gobernacionaltaverapaz.gob.gt\/wp-content\/uploads\/2026\/01\/MG_0023.jpg\" title=\"_MG_0023\" rel=\"ewicprettyPhoto[2448069f2fdf85f3d7]\"><img title=\"_MG_0023\" class=\"ewic-wid-imgs\" src=\"https:\/\/gobernacionaltaverapaz.gob.gt\/wp-content\/uploads\/2026\/01\/MG_0023.jpg\" \/><p class=\"flex-caption\">_MG_0023<\/p><\/a><\/li><li class=\"ewic-slider\"><a href=\"https:\/\/gobernacionaltaverapaz.gob.gt\/wp-content\/uploads\/2026\/01\/MG_0030.jpg\" title=\"_MG_0030\" rel=\"ewicprettyPhoto[2448069f2fdf85f3d7]\"><img title=\"_MG_0030\" class=\"ewic-wid-imgs\" src=\"https:\/\/gobernacionaltaverapaz.gob.gt\/wp-content\/uploads\/2026\/01\/MG_0030.jpg\" \/><p class=\"flex-caption\">_MG_0030<\/p><\/a><\/li><\/ul><script type=\"text\/javascript\">\r\n\tjQuery(document).ready(function($) {\r\n\r\n\t\t$(\"#preloader-2448069f2fdf85f3d7\").fadeOut(500, function () {\r\n\r\n\t\t\t$(\"#ewic-con-2448069f2fdf85f3d7\").addClass(\"ready_to_show\");\r\n\r\n\t\t\t$(\"a[rel^='ewicprettyPhoto[2448069f2fdf85f3d7]']\").ewcPhoto({\r\n\t\t\t\ttheme: \"ewc_default\",\r\n\t\t\t\tallow_expand: false,\r\n\t\t\t\tdeeplinking: false,\r\n\t\t\t\tslideshow:5000,\r\n\t\t\t\tautoplay_slideshow:true,\r\n\t\t\t\tsocial_tools:false\r\n\t\t\t});\r\n\r\n\t\t\t$(\".flexslider-2448069f2fdf85f3d7\").fadeIn(300);\r\n\r\n\t\t\t$(\"#ewic-con-2448069f2fdf85f3d7\").flexslider({\r\n\t\t\t\tanimation: \"slide\",\r\n\t\t\t\tanimationSpeed: 0,\r\n\t\t\t\tuseCSS: false,\r\n\t\t\t\teasing: \"easeInQuad\",\r\n\t\t\t\tdirection: \"horizontal\",\r\n\t\t\t\tslideshow: true,\r\n\t\t\t\tsmoothHeight: true,\r\n\t\t\t\tpauseOnHover: true,\r\n\t\t\t\tcontrolNav: false,\r\n\t\t\t\tprevText: \"\",\r\n\t\t\t\tnextText: \"\",\r\n\t\t\t\trtl: false,\r\n\t\t\t\tslideshowSpeed: 5000,\r\n\t\t\t\tstart: function(slider){\r\n\t\t\t\t\t$(\"#ewic-con-2448069f2fdf85f3d7\").find(\".flex-caption\").hide();\r\n\t\t\t\t\tvar curSlide = slider.find(\"li.flex-active-slide\");\r\n\t\t\t\t\t$(curSlide).find(\".flex-caption\").slideDown();\r\n\t\t\t\t},\r\n\t\t\t\tbefore: function(slider) {\r\n\t\t\t\t\t$(\"#ewic-con-2448069f2fdf85f3d7\").find(\".flex-caption\").slideUp();\r\n\t\t\t\t},\r\n\t\t\t\tafter: function(slider) {\r\n\t\t\t\t\tvar curSlide = slider.find(\"li.flex-active-slide\");\r\n\t\t\t\t\t$(curSlide).find(\".flex-caption\").slideDown();\r\n\t\t\t\t}\r\n\r\n\t\t\t});\r\n\r\n\t\t});\r\n\r\n\t});\r\n<\/script><\/div>\r\n\n","protected":false},"excerpt":{"rendered":"<p>La reuni\u00f3n permiti\u00f3 analizar la reprogramaci\u00f3n de aportes ordinarios y extraordinarios, as\u00ed como los recursos vinculados a la Gran Cruzada por la Nutrici\u00f3n. Cob\u00e1n, Alta Verapaz, lunes 26 de enero de 2026. Redacci\u00f3n: Jos\u00e9 Daniel Sanchez Fotograf\u00eda: Jos\u00e9 Daniel Sanchez &#8211; Comunicaci\u00f3n Social &#8211; Gobernaci\u00f3n Departamental de Alta Verapaz En el marco del Sistema de [&hellip;]<\/p>\n","protected":false},"author":3,"featured_media":24486,"comment_status":"closed","ping_status":"open","sticky":false,"template":"","format":"standard","meta":[],"categories":[214],"tags":[],"_links":{"self":[{"href":"https:\/\/gobernacionaltaverapaz.gob.gt\/index.php?rest_route=\/wp\/v2\/posts\/24487"}],"collection":[{"href":"https:\/\/gobernacionaltaverapaz.gob.gt\/index.php?rest_route=\/wp\/v2\/posts"}],"about":[{"href":"https:\/\/gobernacionaltaverapaz.gob.gt\/index.php?rest_route=\/wp\/v2\/types\/post"}],"author":[{"embeddable":true,"href":"https:\/\/gobernacionaltaverapaz.gob.gt\/index.php?rest_route=\/wp\/v2\/users\/3"}],"replies":[{"embeddable":true,"href":"https:\/\/gobernacionaltaverapaz.gob.gt\/index.php?rest_route=%2Fwp%2Fv2%2Fcomments&post=24487"}],"version-history":[{"count":1,"href":"https:\/\/gobernacionaltaverapaz.gob.gt\/index.php?rest_route=\/wp\/v2\/posts\/24487\/revisions"}],"predecessor-version":[{"id":24488,"href":"https:\/\/gobernacionaltaverapaz.gob.gt\/index.php?rest_route=\/wp\/v2\/posts\/24487\/revisions\/24488"}],"wp:featuredmedia":[{"embeddable":true,"href":"https:\/\/gobernacionaltaverapaz.gob.gt\/index.php?rest_route=\/wp\/v2\/media\/24486"}],"wp:attachment":[{"href":"https:\/\/gobernacionaltaverapaz.gob.gt\/index.php?rest_route=%2Fwp%2Fv2%2Fmedia&parent=24487"}],"wp:term":[{"taxonomy":"category","embeddable":true,"href":"https:\/\/gobernacionaltaverapaz.gob.gt\/index.php?rest_route=%2Fwp%2Fv2%2Fcategories&post=24487"},{"taxonomy":"post_tag","embeddable":true,"href":"https:\/\/gobernacionaltaverapaz.gob.gt\/index.php?rest_route=%2Fwp%2Fv2%2Ftags&post=24487"}],"curies":[{"name":"wp","href":"https:\/\/api.w.org\/{rel}","templated":true}]}}