{"id":24770,"date":"2026-02-16T09:20:09","date_gmt":"2026-02-16T15:20:09","guid":{"rendered":"https:\/\/gobernacionaltaverapaz.gob.gt\/?p=24770"},"modified":"2026-03-09T15:21:12","modified_gmt":"2026-03-09T21:21:12","slug":"inauguracion-del-curso-de-reservas-militares-2026","status":"publish","type":"post","link":"https:\/\/gobernacionaltaverapaz.gob.gt\/?p=24770","title":{"rendered":"Inauguraci\u00f3n del Curso de Reservas Militares 2026"},"content":{"rendered":"<div class=\"xdj266r x14z9mp xat24cr x1lziwak x1vvkbs x126k92a\">\n<div dir=\"auto\" style=\"text-align: justify;\">La Gobernaci\u00f3n Departamental de Alta Verapaz particip\u00f3 en el acto de inauguraci\u00f3n del Curso de Reservas Militares 2026, correspondiente a la Promoci\u00f3n 72 de Reservistas, actividad desarrollada con el prop\u00f3sito de dar inicio al proceso de formaci\u00f3n de ciudadanos comprometidos con el fortalecimiento de los valores c\u00edvicos, la disciplina y el esp\u00edritu de servicio a la Naci\u00f3n.<\/div>\n<\/div>\n<div class=\"x14z9mp xat24cr x1lziwak x1vvkbs xtlvy1s x126k92a\">\n<div dir=\"auto\" style=\"text-align: justify;\">La jornada cont\u00f3 con la presencia de la Gobernadora Departamental de Alta Verapaz, Licda. Dilia Margarita C\u00f3 Coy, autoridades militares, representantes institucionales y familiares de los reservistas, quienes acompa\u00f1aron este acto protocolario que marca el inicio del ciclo de entrenamiento.<\/div>\n<\/div>\n<p>&nbsp;<\/p>\n<div><\/div>\n","protected":false},"excerpt":{"rendered":"<p>La Gobernaci\u00f3n Departamental de Alta Verapaz particip\u00f3 en el acto de inauguraci\u00f3n del Curso de Reservas Militares 2026, correspondiente a la Promoci\u00f3n 72 de Reservistas, actividad desarrollada con el prop\u00f3sito de dar inicio al proceso de formaci\u00f3n de ciudadanos comprometidos con el fortalecimiento de los valores c\u00edvicos, la disciplina y el esp\u00edritu de servicio a [&hellip;]<\/p>\n","protected":false},"author":1,"featured_media":24761,"comment_status":"closed","ping_status":"open","sticky":false,"template":"","format":"gallery","meta":[],"categories":[183,214],"tags":[178],"_links":{"self":[{"href":"https:\/\/gobernacionaltaverapaz.gob.gt\/index.php?rest_route=\/wp\/v2\/posts\/24770"}],"collection":[{"href":"https:\/\/gobernacionaltaverapaz.gob.gt\/index.php?rest_route=\/wp\/v2\/posts"}],"about":[{"href":"https:\/\/gobernacionaltaverapaz.gob.gt\/index.php?rest_route=\/wp\/v2\/types\/post"}],"author":[{"embeddable":true,"href":"https:\/\/gobernacionaltaverapaz.gob.gt\/index.php?rest_route=\/wp\/v2\/users\/1"}],"replies":[{"embeddable":true,"href":"https:\/\/gobernacionaltaverapaz.gob.gt\/index.php?rest_route=%2Fwp%2Fv2%2Fcomments&post=24770"}],"version-history":[{"count":1,"href":"https:\/\/gobernacionaltaverapaz.gob.gt\/index.php?rest_route=\/wp\/v2\/posts\/24770\/revisions"}],"predecessor-version":[{"id":24771,"href":"https:\/\/gobernacionaltaverapaz.gob.gt\/index.php?rest_route=\/wp\/v2\/posts\/24770\/revisions\/24771"}],"wp:featuredmedia":[{"embeddable":true,"href":"https:\/\/gobernacionaltaverapaz.gob.gt\/index.php?rest_route=\/wp\/v2\/media\/24761"}],"wp:attachment":[{"href":"https:\/\/gobernacionaltaverapaz.gob.gt\/index.php?rest_route=%2Fwp%2Fv2%2Fmedia&parent=24770"}],"wp:term":[{"taxonomy":"category","embeddable":true,"href":"https:\/\/gobernacionaltaverapaz.gob.gt\/index.php?rest_route=%2Fwp%2Fv2%2Fcategories&post=24770"},{"taxonomy":"post_tag","embeddable":true,"href":"https:\/\/gobernacionaltaverapaz.gob.gt\/index.php?rest_route=%2Fwp%2Fv2%2Ftags&post=24770"}],"curies":[{"name":"wp","href":"https:\/\/api.w.org\/{rel}","templated":true}]}}